{"id":807,"date":"2025-05-28T11:02:01","date_gmt":"2025-05-28T14:02:01","guid":{"rendered":"https:\/\/portaleducacao.guarulhos.sp.gov.br\/wp_site\/semanadobrincar2025\/?p=807"},"modified":"2025-05-28T11:02:02","modified_gmt":"2025-05-28T14:02:02","slug":"dia-29-2","status":"publish","type":"post","link":"https:\/\/portaleducacao.guarulhos.sp.gov.br\/wp_site\/semanadobrincar2025\/2025\/05\/28\/dia-29-2\/","title":{"rendered":"Dia 29"},"content":{"rendered":"\n<p><strong>Local da Atividade: <\/strong>EPG \u00c9RICO VER\u00cdSSIMO<\/p>\n\n\n\n<p><strong>Data da Atividade:<\/strong> 29\/05\/2025<\/p>\n\n\n\n<p><strong>Descri\u00e7\u00e3o:<\/strong> JOGOS VARIADOS, UNO, JOGO DA VELHA, STOP E DOMIN\u00d3<\/p>\n\n\n\n<p><strong>Hor\u00e1rio: <\/strong>DURANTE O PER\u00cdODO DE AULA, MNANH\u00c3 E TARDE<\/p>\n\n\n\n<p><strong>P\u00fablico alvo:<\/strong>&nbsp; Somente para os educandos<\/p>\n\n\n\n<p>&#8212;&#8212;&#8212;&#8212;&#8212;&#8212;&#8212;&#8212;&#8212;&#8212;&#8212;&#8212;&#8212;&#8212;&#8212;&#8212;&#8212;&#8212;&#8212;&#8212;&#8212;&#8212;&#8212;&#8212;&#8212;&#8212;&#8212;&#8212;&#8212;&#8212;&#8212;&#8212;&#8212;&#8212;&#8212;&#8212;&#8212;&#8212;&#8212;&#8212;&#8212;&#8212;<\/p>\n\n\n\n<p><strong>Local da Atividade: <\/strong>EPG AMADOR BUENO<\/p>\n\n\n\n<p><strong>Data da Atividade:<\/strong> 29\/05\/2025<\/p>\n\n\n\n<p><strong>Descri\u00e7\u00e3o:<\/strong> 1\u00bas anos &#8211; A Ilha (din\u00e2mica em grupo) 2\u00bas anos &#8211; Adoleta\/Amarelinha 3\u00ba ano &#8211; Pular corda, Queimada e Parque 4\u00ba ano &#8211; Jogo de Futebol masc\/fem 5\u00ba ano &#8211; Jogos de tabuleiro<\/p>\n\n\n\n<p><strong>Hor\u00e1rio: <\/strong>Hor\u00e1rios previstos: 8h00 \u00e0s 9h00 (manh\u00e3) \/ 14h30 \u00e0s 15h30 (tarde).<\/p>\n\n\n\n<p><strong>P\u00fablico alvo:<\/strong>&nbsp; Somente para os educandos<\/p>\n\n\n\n<p>&#8212;&#8212;&#8212;&#8212;&#8212;&#8212;&#8212;&#8212;&#8212;&#8212;&#8212;&#8212;&#8212;&#8212;&#8212;&#8212;&#8212;&#8212;&#8212;&#8212;&#8212;&#8212;&#8212;&#8212;&#8212;&#8212;&#8212;&#8212;&#8212;&#8212;&#8212;&#8212;&#8212;&#8212;&#8212;&#8212;&#8212;&#8212;&#8212;&#8212;&#8212;&#8212;<\/p>\n\n\n\n<p><strong>Local da Atividade: <\/strong>EPG MARLENE APARECIDA DE CARVALHO MARTINS, PROFESSORA<\/p>\n\n\n\n<p><strong>Data da Atividade:<\/strong> 29\/05\/2025<\/p>\n\n\n\n<p><strong>Descri\u00e7\u00e3o:<\/strong> Resgate de brincadeiras antigas com viv\u00eancias l\u00fadicas como roda, peteca, pipa, amarelinha e Tr\u00eas Marias. Ser\u00e1 pintada uma amarelinha na cal\u00e7ada da escola para promover o brincar com a comunidade de forma divertida e interativa.<\/p>\n\n\n\n<p><strong>Hor\u00e1rio: <\/strong>Manh\u00e3 8 horas at\u00e9 \u00e0s 11 hrs tarde 14 horas as 17 horas<\/p>\n\n\n\n<p><strong>P\u00fablico alvo:<\/strong>&nbsp; Somente para os educandos<\/p>\n\n\n\n<p>&#8212;&#8212;&#8212;&#8212;&#8212;&#8212;&#8212;&#8212;&#8212;&#8212;&#8212;&#8212;&#8212;&#8212;&#8212;&#8212;&#8212;&#8212;&#8212;&#8212;&#8212;&#8212;&#8212;&#8212;&#8212;&#8212;&#8212;&#8212;&#8212;&#8212;&#8212;&#8212;&#8212;&#8212;&#8212;&#8212;&#8212;&#8212;&#8212;&#8212;&#8212;&#8212;<\/p>\n\n\n\n<p><strong>Local da Atividade: <\/strong>EPG CASIMIRO DE ABREU<\/p>\n\n\n\n<p><strong>Data da Atividade:<\/strong> 29\/05\/2025<\/p>\n\n\n\n<p><strong>Descri\u00e7\u00e3o:<\/strong> Os familiares dos educandos de cada turma compartilhar\u00e3o uma brincadeira&nbsp; na escola, ensinado a brincadeira.<\/p>\n\n\n\n<p><strong>Hor\u00e1rio: <\/strong>10h45 no per\u00edodo da manh\u00e3 e 16h45 no per\u00edodo da tarde.<\/p>\n\n\n\n<p><strong>P\u00fablico alvo:<\/strong>&nbsp; Restrita aos educandos e fam\u00edlias dos educandos da unidade escolar<\/p>\n\n\n\n<p>&#8212;&#8212;&#8212;&#8212;&#8212;&#8212;&#8212;&#8212;&#8212;&#8212;&#8212;&#8212;&#8212;&#8212;&#8212;&#8212;&#8212;&#8212;&#8212;&#8212;&#8212;&#8212;&#8212;&#8212;&#8212;&#8212;&#8212;&#8212;&#8212;&#8212;&#8212;&#8212;&#8212;&#8212;&#8212;&#8212;&#8212;&#8212;&#8212;&#8212;&#8212;&#8212;<\/p>\n\n\n\n<p><strong>Local da Atividade: <\/strong>EPG CHICO MENDES<\/p>\n\n\n\n<p><strong>Data da Atividade:<\/strong> 29\/05\/2025<\/p>\n\n\n\n<p><strong>Descri\u00e7\u00e3o:<\/strong> Batatinha frita, telefone sem fio e dan\u00e7a das cadeiras.<\/p>\n\n\n\n<p><strong>Hor\u00e1rio: <\/strong>13h15 \u00e0s 14h00<\/p>\n\n\n\n<p><strong>P\u00fablico alvo:<\/strong>&nbsp; Somente para os educandos<\/p>\n\n\n\n<p>&#8212;&#8212;&#8212;&#8212;&#8212;&#8212;&#8212;&#8212;&#8212;&#8212;&#8212;&#8212;&#8212;&#8212;&#8212;&#8212;&#8212;&#8212;&#8212;&#8212;&#8212;&#8212;&#8212;&#8212;&#8212;&#8212;&#8212;&#8212;&#8212;&#8212;&#8212;&#8212;&#8212;&#8212;&#8212;&#8212;&#8212;&#8212;&#8212;&#8212;&#8212;&#8212;<\/p>\n\n\n\n<p><strong>Local da Atividade: <\/strong>EPG CHICO MENDES<\/p>\n\n\n\n<p><strong>Data da Atividade:<\/strong> 29\/05\/2025<\/p>\n\n\n\n<p><strong>Descri\u00e7\u00e3o:<\/strong> Roda do cora\u00e7\u00e3o ( din\u00e2mica sobre sentimentos), Stop, Cidade Dorme, Jogo da Velha e Bingo de letras, s\u00edlabas e palavras.<\/p>\n\n\n\n<p><strong>Hor\u00e1rio: <\/strong>8h00 \u00e1s 10h00. As atividades acontecer\u00e3o ao longo da semana do brincar.<\/p>\n\n\n\n<p><strong>P\u00fablico alvo:<\/strong>&nbsp; Somente para os educandos<\/p>\n\n\n\n<p>&#8212;&#8212;&#8212;&#8212;&#8212;&#8212;&#8212;&#8212;&#8212;&#8212;&#8212;&#8212;&#8212;&#8212;&#8212;&#8212;&#8212;&#8212;&#8212;&#8212;&#8212;&#8212;&#8212;&#8212;&#8212;&#8212;&#8212;&#8212;&#8212;&#8212;&#8212;&#8212;&#8212;&#8212;&#8212;&#8212;&#8212;&#8212;&#8212;&#8212;&#8212;&#8212;<\/p>\n\n\n\n<p><strong>Local da Atividade: <\/strong>EPG CHICO MENDES<\/p>\n\n\n\n<p><strong>Data da Atividade:<\/strong> 29\/05\/2025<\/p>\n\n\n\n<p><strong>Descri\u00e7\u00e3o:<\/strong> Circuito de brincadeiras, constru\u00e7\u00e3o de peteca, bingo.<\/p>\n\n\n\n<p><strong>Hor\u00e1rio: <\/strong>8h30 \u00e0s 10h00 ou 10h20 \u00e0s 11h00<\/p>\n\n\n\n<p><strong>P\u00fablico alvo:<\/strong>&nbsp; Somente para os educandos<\/p>\n\n\n\n<p>&#8212;&#8212;&#8212;&#8212;&#8212;&#8212;&#8212;&#8212;&#8212;&#8212;&#8212;&#8212;&#8212;&#8212;&#8212;&#8212;&#8212;&#8212;&#8212;&#8212;&#8212;&#8212;&#8212;&#8212;&#8212;&#8212;&#8212;&#8212;&#8212;&#8212;&#8212;&#8212;&#8212;&#8212;&#8212;&#8212;&#8212;&#8212;&#8212;&#8212;&#8212;&#8212;<\/p>\n\n\n\n<p><strong>Local da Atividade: <\/strong>EPG D&#8217;ALMEIDA BARBOSA<\/p>\n\n\n\n<p><strong>Data da Atividade:<\/strong> 29\/05\/2025<\/p>\n\n\n\n<p><strong>Descri\u00e7\u00e3o:<\/strong> Ser\u00e1 o dia brincante, os alunos trar\u00e3o de casa seus brinquedos preferidos para brincarem com seus colegas.<\/p>\n\n\n\n<p><strong>Hor\u00e1rio: <\/strong>Cada sala ter\u00e1 aproximadamente 1h30min nesta atividade<\/p>\n\n\n\n<p><strong>P\u00fablico alvo:<\/strong>&nbsp; Somente para os educandos<\/p>\n\n\n\n<p>&#8212;&#8212;&#8212;&#8212;&#8212;&#8212;&#8212;&#8212;&#8212;&#8212;&#8212;&#8212;&#8212;&#8212;&#8212;&#8212;&#8212;&#8212;&#8212;&#8212;&#8212;&#8212;&#8212;&#8212;&#8212;&#8212;&#8212;&#8212;&#8212;&#8212;&#8212;&#8212;&#8212;&#8212;&#8212;&#8212;&#8212;&#8212;&#8212;&#8212;&#8212;&#8212;<\/p>\n\n\n\n<p><strong>Local da Atividade: <\/strong>EPG AN\u00cdSIO TEIXEIRA<\/p>\n\n\n\n<p><strong>Data da Atividade:<\/strong> 29\/05\/2025<\/p>\n\n\n\n<p><strong>Descri\u00e7\u00e3o:<\/strong> EducaCEU: Esta\u00e7\u00f5es de brincadeiras (pega bandeira, pula corda e futebol).<\/p>\n\n\n\n<p><strong>Hor\u00e1rio: <\/strong>12h30min \u00e0s 13h30min.<\/p>\n\n\n\n<p><strong>P\u00fablico alvo:<\/strong>&nbsp; Somente para os educandos<\/p>\n\n\n\n<p>&#8212;&#8212;&#8212;&#8212;&#8212;&#8212;&#8212;&#8212;&#8212;&#8212;&#8212;&#8212;&#8212;&#8212;&#8212;&#8212;&#8212;&#8212;&#8212;&#8212;&#8212;&#8212;&#8212;&#8212;&#8212;&#8212;&#8212;&#8212;&#8212;&#8212;&#8212;&#8212;&#8212;&#8212;&#8212;&#8212;&#8212;&#8212;&#8212;&#8212;&#8212;&#8212;<\/p>\n\n\n\n<p><strong>Local da Atividade: <\/strong>EPG JOCYMARA DE FALCHI JORGE<\/p>\n\n\n\n<p><strong>Data da Atividade:<\/strong> 29\/05\/2025<\/p>\n\n\n\n<p><strong>Descri\u00e7\u00e3o:<\/strong> Qual sua brincadeira favorita na inf\u00e2ncia? A partir dos dados coletados em uma pesquisa familiar, vivenciar as brincadeiras que os pais e\/ou respons\u00e1veis aprenderam na sua inf\u00e2ncia.<\/p>\n\n\n\n<p><strong>Hor\u00e1rio: <\/strong>8h \u00e0s 9h e 14h \u00e0s 15h<\/p>\n\n\n\n<p><strong>P\u00fablico alvo:<\/strong>&nbsp; Somente para os educandos<\/p>\n\n\n\n<p>&#8212;&#8212;&#8212;&#8212;&#8212;&#8212;&#8212;&#8212;&#8212;&#8212;&#8212;&#8212;&#8212;&#8212;&#8212;&#8212;&#8212;&#8212;&#8212;&#8212;&#8212;&#8212;&#8212;&#8212;&#8212;&#8212;&#8212;&#8212;&#8212;&#8212;&#8212;&#8212;&#8212;&#8212;&#8212;&#8212;&#8212;&#8212;&#8212;&#8212;&#8212;&#8212;<\/p>\n\n\n\n<p><strong>Local da Atividade: <\/strong>EPG RAUL CORTEZ<\/p>\n\n\n\n<p><strong>Data da Atividade:<\/strong> 29\/05\/2025<\/p>\n\n\n\n<p><strong>Descri\u00e7\u00e3o:<\/strong> PULAR CORDA<\/p>\n\n\n\n<p><strong>Hor\u00e1rio: <\/strong>15h<\/p>\n\n\n\n<p><strong>P\u00fablico alvo:<\/strong>&nbsp; Somente para os educandos<\/p>\n\n\n\n<p>&#8212;&#8212;&#8212;&#8212;&#8212;&#8212;&#8212;&#8212;&#8212;&#8212;&#8212;&#8212;&#8212;&#8212;&#8212;&#8212;&#8212;&#8212;&#8212;&#8212;&#8212;&#8212;&#8212;&#8212;&#8212;&#8212;&#8212;&#8212;&#8212;&#8212;&#8212;&#8212;&#8212;&#8212;&#8212;&#8212;&#8212;&#8212;&#8212;&#8212;&#8212;&#8212;<\/p>\n\n\n\n<p><strong>Local da Atividade: <\/strong>EPG ALFREDO VOLPI<\/p>\n\n\n\n<p><strong>Data da Atividade:<\/strong> 29\/05\/2025<\/p>\n\n\n\n<p><strong>Descri\u00e7\u00e3o:<\/strong> Integra\u00e7\u00e3o entre as salas do est\u00e1gio I A e I B, com as brincadeiras: &#8220;Seu mestre mandou&#8221; e &#8220;Dan\u00e7a das Cadeiras&#8221;<\/p>\n\n\n\n<p><strong>Hor\u00e1rio: <\/strong>Entre 8h e 10h<\/p>\n\n\n\n<p><strong>P\u00fablico alvo:<\/strong>&nbsp; Somente para os educandos<\/p>\n\n\n\n<p>&#8212;&#8212;&#8212;&#8212;&#8212;&#8212;&#8212;&#8212;&#8212;&#8212;&#8212;&#8212;&#8212;&#8212;&#8212;&#8212;&#8212;&#8212;&#8212;&#8212;&#8212;&#8212;&#8212;&#8212;&#8212;&#8212;&#8212;&#8212;&#8212;&#8212;&#8212;&#8212;&#8212;&#8212;&#8212;&#8212;&#8212;&#8212;&#8212;&#8212;&#8212;&#8212;<\/p>\n\n\n\n<p><strong>Local da Atividade: <\/strong>EPG \u00c9RICO VER\u00cdSSIMO<\/p>\n\n\n\n<p><strong>Data da Atividade:<\/strong> 29\/05\/2025<\/p>\n\n\n\n<p><strong>Descri\u00e7\u00e3o:<\/strong> BRINCADEIRAS DE CULTURA INDIGENA E AFRICANA &#8211; PETECA, CABO DE GUERRA, TERRA E MAR, MORTO VIVO, BATATA QUENTE<\/p>\n\n\n\n<p><strong>Hor\u00e1rio: <\/strong>DURANTE O PER\u00cdODO DE AULA<\/p>\n\n\n\n<p><strong>P\u00fablico alvo:<\/strong>&nbsp; Somente para os educandos<\/p>\n\n\n\n<p>&#8212;&#8212;&#8212;&#8212;&#8212;&#8212;&#8212;&#8212;&#8212;&#8212;&#8212;&#8212;&#8212;&#8212;&#8212;&#8212;&#8212;&#8212;&#8212;&#8212;&#8212;&#8212;&#8212;&#8212;&#8212;&#8212;&#8212;&#8212;&#8212;&#8212;&#8212;&#8212;&#8212;&#8212;&#8212;&#8212;&#8212;&#8212;&#8212;&#8212;&#8212;&#8212;<\/p>\n\n\n\n<p><strong>Local da Atividade: <\/strong>EPG ANSELMO DUARTE<\/p>\n\n\n\n<p><strong>Data da Atividade:<\/strong> 29\/05\/2025<\/p>\n\n\n\n<p><strong>Descri\u00e7\u00e3o:<\/strong> Os educandos ir\u00e3o brincar de amarelinha africana<\/p>\n\n\n\n<p><strong>Hor\u00e1rio: <\/strong>10h<\/p>\n\n\n\n<p><strong>P\u00fablico alvo:<\/strong>&nbsp; Somente para os educandos<\/p>\n\n\n\n<p>&#8212;&#8212;&#8212;&#8212;&#8212;&#8212;&#8212;&#8212;&#8212;&#8212;&#8212;&#8212;&#8212;&#8212;&#8212;&#8212;&#8212;&#8212;&#8212;&#8212;&#8212;&#8212;&#8212;&#8212;&#8212;&#8212;&#8212;&#8212;&#8212;&#8212;&#8212;&#8212;&#8212;&#8212;&#8212;&#8212;&#8212;&#8212;&#8212;&#8212;&#8212;&#8212;<\/p>\n\n\n\n<p><strong>Local da Atividade: <\/strong>EPG \u00c9RICO VER\u00cdSSIMO<\/p>\n\n\n\n<p><strong>Data da Atividade:<\/strong> 29\/05\/2025<\/p>\n\n\n\n<p><strong>Descri\u00e7\u00e3o:<\/strong> Brincadeiras em ingl\u00eas<\/p>\n\n\n\n<p><strong>Hor\u00e1rio: <\/strong>durante o per\u00edodo de aula.<\/p>\n\n\n\n<p><strong>P\u00fablico alvo:<\/strong>&nbsp; Somente para os educandos<\/p>\n\n\n\n<p>&#8212;&#8212;&#8212;&#8212;&#8212;&#8212;&#8212;&#8212;&#8212;&#8212;&#8212;&#8212;&#8212;&#8212;&#8212;&#8212;&#8212;&#8212;&#8212;&#8212;&#8212;&#8212;&#8212;&#8212;&#8212;&#8212;&#8212;&#8212;&#8212;&#8212;&#8212;&#8212;&#8212;&#8212;&#8212;&#8212;&#8212;&#8212;&#8212;&#8212;&#8212;&#8212;<\/p>\n\n\n\n<p><strong>Local da Atividade: <\/strong>EPG \u00c9RICO VER\u00cdSSIMO<\/p>\n\n\n\n<p><strong>Data da Atividade:<\/strong> 29\/05\/2025<\/p>\n\n\n\n<p><strong>Descri\u00e7\u00e3o:<\/strong> circuito funcional<\/p>\n\n\n\n<p><strong>Hor\u00e1rio: <\/strong>Durante o per\u00edodo de aula<\/p>\n\n\n\n<p><strong>P\u00fablico alvo:<\/strong>&nbsp; Somente para os educandos<\/p>\n\n\n\n<p>&#8212;&#8212;&#8212;&#8212;&#8212;&#8212;&#8212;&#8212;&#8212;&#8212;&#8212;&#8212;&#8212;&#8212;&#8212;&#8212;&#8212;&#8212;&#8212;&#8212;&#8212;&#8212;&#8212;&#8212;&#8212;&#8212;&#8212;&#8212;&#8212;&#8212;&#8212;&#8212;&#8212;&#8212;&#8212;&#8212;&#8212;&#8212;&#8212;&#8212;&#8212;&#8212;<\/p>\n\n\n\n<p><strong>Local da Atividade: <\/strong>EPG NAZIRA ABBUD ZANARDI<\/p>\n\n\n\n<p><strong>Data da Atividade:<\/strong> 29\/05\/2025<\/p>\n\n\n\n<p><strong>Descri\u00e7\u00e3o:<\/strong> Realiza\u00e7\u00e3o da brincadeira: &#8220;rouba bandeira&#8221;, a mesma consiste em&nbsp; que um jogador de cada time atravesse o campo do advers\u00e1rio e consiga roubar-lhe a bandeira sem ser pego.<\/p>\n\n\n\n<p><strong>Hor\u00e1rio: <\/strong>a partir das 8h e das 14h<\/p>\n\n\n\n<p><strong>P\u00fablico alvo:<\/strong>&nbsp; Somente para os educandos<\/p>\n\n\n\n<p>&#8212;&#8212;&#8212;&#8212;&#8212;&#8212;&#8212;&#8212;&#8212;&#8212;&#8212;&#8212;&#8212;&#8212;&#8212;&#8212;&#8212;&#8212;&#8212;&#8212;&#8212;&#8212;&#8212;&#8212;&#8212;&#8212;&#8212;&#8212;&#8212;&#8212;&#8212;&#8212;&#8212;&#8212;&#8212;&#8212;&#8212;&#8212;&#8212;&#8212;&#8212;&#8212;<\/p>\n\n\n\n<p><strong>Local da Atividade: <\/strong>EPG PERSEU ABRAMO<\/p>\n\n\n\n<p><strong>Data da Atividade:<\/strong> 29\/05\/2025<\/p>\n\n\n\n<p><strong>Descri\u00e7\u00e3o:<\/strong> Resgate de brincadeiras antigas &#8211; pega-pega, pula corda com m\u00fasica, corre cutia, queimada , jogos<\/p>\n\n\n\n<p><strong>Hor\u00e1rio: <\/strong>sem hor\u00e1rio fixo<\/p>\n\n\n\n<p><strong>P\u00fablico alvo:<\/strong>&nbsp; Somente para os educandos<\/p>\n\n\n\n<p>&#8212;&#8212;&#8212;&#8212;&#8212;&#8212;&#8212;&#8212;&#8212;&#8212;&#8212;&#8212;&#8212;&#8212;&#8212;&#8212;&#8212;&#8212;&#8212;&#8212;&#8212;&#8212;&#8212;&#8212;&#8212;&#8212;&#8212;&#8212;&#8212;&#8212;&#8212;&#8212;&#8212;&#8212;&#8212;&#8212;&#8212;&#8212;&#8212;&#8212;&#8212;&#8212;<\/p>\n\n\n\n<p><strong>Local da Atividade: <\/strong>EPG PAULO AUTRAN<\/p>\n\n\n\n<p><strong>Data da Atividade:<\/strong> 29\/05\/2025<\/p>\n\n\n\n<p><strong>Descri\u00e7\u00e3o:<\/strong> Brincadeiras tradicionais na quadra: Girafa\/formiga; batata quente; est\u00e1tua;<\/p>\n\n\n\n<p><strong>Hor\u00e1rio: <\/strong>14h30<\/p>\n\n\n\n<p><strong>P\u00fablico alvo:<\/strong>&nbsp; Somente para os educandos<\/p>\n\n\n\n<p>&#8212;&#8212;&#8212;&#8212;&#8212;&#8212;&#8212;&#8212;&#8212;&#8212;&#8212;&#8212;&#8212;&#8212;&#8212;&#8212;&#8212;&#8212;&#8212;&#8212;&#8212;&#8212;&#8212;&#8212;&#8212;&#8212;&#8212;&#8212;&#8212;&#8212;&#8212;&#8212;&#8212;&#8212;&#8212;&#8212;&#8212;&#8212;&#8212;&#8212;&#8212;&#8212;<\/p>\n\n\n\n<p><strong>Local da Atividade: <\/strong>EPG \u00c9RICO VER\u00cdSSIMO<\/p>\n\n\n\n<p><strong>Data da Atividade:<\/strong> 29\/05\/2025<\/p>\n\n\n\n<p><strong>Descri\u00e7\u00e3o:<\/strong> GINCANA DE CIRCUITO E CORDA<\/p>\n\n\n\n<p><strong>Hor\u00e1rio: <\/strong>DAS 8H AS 10H E DAS 14H AS 16H<\/p>\n\n\n\n<p><strong>P\u00fablico alvo:<\/strong>&nbsp; Somente para os educandos<\/p>\n\n\n\n<p>&#8212;&#8212;&#8212;&#8212;&#8212;&#8212;&#8212;&#8212;&#8212;&#8212;&#8212;&#8212;&#8212;&#8212;&#8212;&#8212;&#8212;&#8212;&#8212;&#8212;&#8212;&#8212;&#8212;&#8212;&#8212;&#8212;&#8212;&#8212;&#8212;&#8212;&#8212;&#8212;&#8212;&#8212;&#8212;&#8212;&#8212;&#8212;&#8212;&#8212;&#8212;&#8212;<\/p>\n\n\n\n<p><strong>Local da Atividade: <\/strong>EPG ANT\u00d4NIO GON\u00c7ALVES DIAS<\/p>\n\n\n\n<p><strong>Data da Atividade:<\/strong> 29\/05\/2025<\/p>\n\n\n\n<p><strong>Descri\u00e7\u00e3o:<\/strong> Amarelinha Africana<\/p>\n\n\n\n<p><strong>Hor\u00e1rio: <\/strong>12h \u00e0s 13h<\/p>\n\n\n\n<p><strong>P\u00fablico alvo:<\/strong>&nbsp; Para educadores\/educadoras<\/p>\n\n\n\n<p>&#8212;&#8212;&#8212;&#8212;&#8212;&#8212;&#8212;&#8212;&#8212;&#8212;&#8212;&#8212;&#8212;&#8212;&#8212;&#8212;&#8212;&#8212;&#8212;&#8212;&#8212;&#8212;&#8212;&#8212;&#8212;&#8212;&#8212;&#8212;&#8212;&#8212;&#8212;&#8212;&#8212;&#8212;&#8212;&#8212;&#8212;&#8212;&#8212;&#8212;&#8212;&#8212;<\/p>\n\n\n\n<p><strong>Local da Atividade: <\/strong>EPG GIANFRANCESCO GUARNIERI<\/p>\n\n\n\n<p><strong>Data da Atividade:<\/strong> 29\/05\/2025<\/p>\n\n\n\n<p><strong>Descri\u00e7\u00e3o:<\/strong> Brincadeiras africanas e ind\u00edgenas &#8211; Terra e mar, amarelinha africana,&nbsp; briga de galo<\/p>\n\n\n\n<p><strong>Hor\u00e1rio: <\/strong>7:15 \u00e0s 8:45<\/p>\n\n\n\n<p><strong>P\u00fablico alvo:<\/strong>&nbsp; Somente para os educandos<\/p>\n\n\n\n<p>&#8212;&#8212;&#8212;&#8212;&#8212;&#8212;&#8212;&#8212;&#8212;&#8212;&#8212;&#8212;&#8212;&#8212;&#8212;&#8212;&#8212;&#8212;&#8212;&#8212;&#8212;&#8212;&#8212;&#8212;&#8212;&#8212;&#8212;&#8212;&#8212;&#8212;&#8212;&#8212;&#8212;&#8212;&#8212;&#8212;&#8212;&#8212;&#8212;&#8212;&#8212;&#8212;<\/p>\n\n\n\n<p><strong>Local da Atividade: <\/strong>EPG YUJIE HIRATA<\/p>\n\n\n\n<p><strong>Data da Atividade:<\/strong> 29\/05\/2025<\/p>\n\n\n\n<p><strong>Descri\u00e7\u00e3o:<\/strong> Brincadeiras: meu mestre mandou; comandos com garrafas pets &#8211; as coordenadoras em H.A<\/p>\n\n\n\n<p><strong>Hor\u00e1rio: <\/strong>12h15min<\/p>\n\n\n\n<p><strong>P\u00fablico alvo:<\/strong>&nbsp; Para educadores\/educadoras<\/p>\n\n\n\n<p>&#8212;&#8212;&#8212;&#8212;&#8212;&#8212;&#8212;&#8212;&#8212;&#8212;&#8212;&#8212;&#8212;&#8212;&#8212;&#8212;&#8212;&#8212;&#8212;&#8212;&#8212;&#8212;&#8212;&#8212;&#8212;&#8212;&#8212;&#8212;&#8212;&#8212;&#8212;&#8212;&#8212;&#8212;&#8212;&#8212;&#8212;&#8212;&#8212;&#8212;&#8212;&#8212;<\/p>\n\n\n\n<p><strong>Local da Atividade: <\/strong>EPG YUJIE HIRATA<\/p>\n\n\n\n<p><strong>Data da Atividade:<\/strong> 29\/05\/2025<\/p>\n\n\n\n<p><strong>Descri\u00e7\u00e3o:<\/strong> Bolinha de gude ,bolinha de sab\u00e3o, boliche,bola<\/p>\n\n\n\n<p><strong>Hor\u00e1rio: <\/strong>14<\/p>\n\n\n\n<p><strong>P\u00fablico alvo:<\/strong>&nbsp; Somente para os educandos<\/p>\n\n\n\n<p>&#8212;&#8212;&#8212;&#8212;&#8212;&#8212;&#8212;&#8212;&#8212;&#8212;&#8212;&#8212;&#8212;&#8212;&#8212;&#8212;&#8212;&#8212;&#8212;&#8212;&#8212;&#8212;&#8212;&#8212;&#8212;&#8212;&#8212;&#8212;&#8212;&#8212;&#8212;&#8212;&#8212;&#8212;&#8212;&#8212;&#8212;&#8212;&#8212;&#8212;&#8212;&#8212;<\/p>\n\n\n\n<p><strong>Local da Atividade: <\/strong>EPG WILSON PEREIRA DA SILVA, PROFESSOR<\/p>\n\n\n\n<p><strong>Data da Atividade:<\/strong> 29\/05\/2025<\/p>\n\n\n\n<p><strong>Descri\u00e7\u00e3o:<\/strong> Kakopi &#8211; brincadeira africana &#8211; Meninas e meninos, em p\u00e9 e sem dar as m\u00e3os, formam uma grande roda, tendo ao centro aquele que foi escolhido para ser o l\u00edder do jogo. Ele, ent\u00e3o, passa a gritar o nome de uma s\u00e9rie de animais que tenham carne, enquanto o restante do grupo presta aten\u00e7\u00e3o para n\u00e3o errar na resposta.<\/p>\n\n\n\n<p><strong>Hor\u00e1rio: <\/strong>7h &#8211; 12h<\/p>\n\n\n\n<p><strong>P\u00fablico alvo:<\/strong>&nbsp; Somente para os educandos<\/p>\n\n\n\n<p>&#8212;&#8212;&#8212;&#8212;&#8212;&#8212;&#8212;&#8212;&#8212;&#8212;&#8212;&#8212;&#8212;&#8212;&#8212;&#8212;&#8212;&#8212;&#8212;&#8212;&#8212;&#8212;&#8212;&#8212;&#8212;&#8212;&#8212;&#8212;&#8212;&#8212;&#8212;&#8212;&#8212;&#8212;&#8212;&#8212;&#8212;&#8212;&#8212;&#8212;&#8212;&#8212;<\/p>\n\n\n\n<p><strong>Local da Atividade: <\/strong>EPG YUJIE HIRATA<\/p>\n\n\n\n<p><strong>Data da Atividade:<\/strong> 29\/05\/2025<\/p>\n\n\n\n<p><strong>Descri\u00e7\u00e3o:<\/strong> Brincadeiras: Barquinho de Papel; bolha de sab\u00e3o &#8212; Ber\u00e7\u00e1rio II<\/p>\n\n\n\n<p><strong>Hor\u00e1rio: <\/strong>9h<\/p>\n\n\n\n<p><strong>P\u00fablico alvo:<\/strong>&nbsp; Somente para os educandos<\/p>\n\n\n\n<p>&#8212;&#8212;&#8212;&#8212;&#8212;&#8212;&#8212;&#8212;&#8212;&#8212;&#8212;&#8212;&#8212;&#8212;&#8212;&#8212;&#8212;&#8212;&#8212;&#8212;&#8212;&#8212;&#8212;&#8212;&#8212;&#8212;&#8212;&#8212;&#8212;&#8212;&#8212;&#8212;&#8212;&#8212;&#8212;&#8212;&#8212;&#8212;&#8212;&#8212;&#8212;&#8212;<\/p>\n\n\n\n<p><strong>Local da Atividade: <\/strong>EPG VIN\u00cdCIUS DE MORAIS<\/p>\n\n\n\n<p><strong>Data da Atividade:<\/strong> 29\/05\/2025<\/p>\n\n\n\n<p><strong>Descri\u00e7\u00e3o:<\/strong> Competi\u00e7\u00e3o, corrida com rolo de papel<\/p>\n\n\n\n<p><strong>Hor\u00e1rio: <\/strong>14h \u00e0s 16h<\/p>\n\n\n\n<p><strong>P\u00fablico alvo:<\/strong>&nbsp; Somente para os educandos<\/p>\n\n\n\n<p>&#8212;&#8212;&#8212;&#8212;&#8212;&#8212;&#8212;&#8212;&#8212;&#8212;&#8212;&#8212;&#8212;&#8212;&#8212;&#8212;&#8212;&#8212;&#8212;&#8212;&#8212;&#8212;&#8212;&#8212;&#8212;&#8212;&#8212;&#8212;&#8212;&#8212;&#8212;&#8212;&#8212;&#8212;&#8212;&#8212;&#8212;&#8212;&#8212;&#8212;&#8212;&#8212;<\/p>\n\n\n\n<p><strong>Local da Atividade: <\/strong>EPG GIANFRANCESCO GUARNIERI<\/p>\n\n\n\n<p><strong>Data da Atividade:<\/strong> 29\/05\/2025<\/p>\n\n\n\n<p><strong>Descri\u00e7\u00e3o:<\/strong> 29\/05\/2025: Quinta-feira: (Sala de aula) 1)&nbsp;&nbsp;&nbsp;&nbsp;&nbsp;&nbsp;&nbsp; Sequ\u00eancia did\u00e1tica: Parlendas e brincadeiras: leitura frui\u00e7\u00e3o; pintando as palavras que completam a parlenda, cruzadinha; 2)&nbsp;&nbsp;&nbsp;&nbsp;&nbsp;&nbsp;&nbsp; Semana Mundial do brincar: Jogo boliche; eu com as quatro; Just dance na sala de aula<\/p>\n\n\n\n<p><strong>Hor\u00e1rio: <\/strong>07:20 at\u00e9 8:30<\/p>\n\n\n\n<p><strong>P\u00fablico alvo:<\/strong>&nbsp; Somente para os educandos<\/p>\n\n\n\n<p>&#8212;&#8212;&#8212;&#8212;&#8212;&#8212;&#8212;&#8212;&#8212;&#8212;&#8212;&#8212;&#8212;&#8212;&#8212;&#8212;&#8212;&#8212;&#8212;&#8212;&#8212;&#8212;&#8212;&#8212;&#8212;&#8212;&#8212;&#8212;&#8212;&#8212;&#8212;&#8212;&#8212;&#8212;&#8212;&#8212;&#8212;&#8212;&#8212;&#8212;&#8212;&#8212;<\/p>\n\n\n\n<p><strong>Local da Atividade: <\/strong>EPG VIN\u00cdCIUS DE MORAIS<\/p>\n\n\n\n<p><strong>Data da Atividade:<\/strong> 29\/05\/2025<\/p>\n\n\n\n<p><strong>Descri\u00e7\u00e3o:<\/strong> Gincana da corrida do ovo, onde ser\u00e1 utilizado duas colheres e duas bolinhas. Os alunos ir\u00e3o disputar quem cruzar\u00e1 a linha de chegada sem derrubar o ovo (Bolinha)<\/p>\n\n\n\n<p><strong>Hor\u00e1rio: <\/strong>Hor\u00e1rio de aula<\/p>\n\n\n\n<p><strong>P\u00fablico alvo:<\/strong>&nbsp; Somente para os educandos<\/p>\n\n\n\n<p>&#8212;&#8212;&#8212;&#8212;&#8212;&#8212;&#8212;&#8212;&#8212;&#8212;&#8212;&#8212;&#8212;&#8212;&#8212;&#8212;&#8212;&#8212;&#8212;&#8212;&#8212;&#8212;&#8212;&#8212;&#8212;&#8212;&#8212;&#8212;&#8212;&#8212;&#8212;&#8212;&#8212;&#8212;&#8212;&#8212;&#8212;&#8212;&#8212;&#8212;&#8212;&#8212;<\/p>\n\n\n\n<p><strong>Local da Atividade: <\/strong>EPG GIANFRANCESCO GUARNIERI<\/p>\n\n\n\n<p><strong>Data da Atividade:<\/strong> 29\/05\/2025<\/p>\n\n\n\n<p><strong>Descri\u00e7\u00e3o:<\/strong> Ciranda da Batata Quente<\/p>\n\n\n\n<p><strong>Hor\u00e1rio: <\/strong>13:30 as 15:30h<\/p>\n\n\n\n<p><strong>P\u00fablico alvo:<\/strong>&nbsp; Somente para os educandos<\/p>\n\n\n\n<p>&#8212;&#8212;&#8212;&#8212;&#8212;&#8212;&#8212;&#8212;&#8212;&#8212;&#8212;&#8212;&#8212;&#8212;&#8212;&#8212;&#8212;&#8212;&#8212;&#8212;&#8212;&#8212;&#8212;&#8212;&#8212;&#8212;&#8212;&#8212;&#8212;&#8212;&#8212;&#8212;&#8212;&#8212;&#8212;&#8212;&#8212;&#8212;&#8212;&#8212;&#8212;&#8212;<\/p>\n\n\n\n<p><strong>Local da Atividade: <\/strong>EPG EVANIRA VIEIRA ROM\u00c3O<\/p>\n\n\n\n<p><strong>Data da Atividade:<\/strong> 29\/05\/2025<\/p>\n\n\n\n<p><strong>Descri\u00e7\u00e3o:<\/strong> RESGATE DE BRINACEDIRAS NO PARQUE FRACALANZA<\/p>\n\n\n\n<p><strong>Hor\u00e1rio: <\/strong>8h30 \u00c0S 16h50<\/p>\n\n\n\n<p><strong>P\u00fablico alvo:<\/strong>&nbsp; Restrita aos educandos e fam\u00edlias dos educandos da unidade escolar<\/p>\n\n\n\n<p>&#8212;&#8212;&#8212;&#8212;&#8212;&#8212;&#8212;&#8212;&#8212;&#8212;&#8212;&#8212;&#8212;&#8212;&#8212;&#8212;&#8212;&#8212;&#8212;&#8212;&#8212;&#8212;&#8212;&#8212;&#8212;&#8212;&#8212;&#8212;&#8212;&#8212;&#8212;&#8212;&#8212;&#8212;&#8212;&#8212;&#8212;&#8212;&#8212;&#8212;&#8212;&#8212;<\/p>\n\n\n\n<p><strong>Local da Atividade: <\/strong>EPG GIANFRANCESCO GUARNIERI<\/p>\n\n\n\n<p><strong>Data da Atividade:<\/strong> 29\/05\/2025<\/p>\n\n\n\n<p><strong>Descri\u00e7\u00e3o:<\/strong> Ciranda da batata quente<\/p>\n\n\n\n<p><strong>Hor\u00e1rio: <\/strong>13:30 as 15:30<\/p>\n\n\n\n<p><strong>P\u00fablico alvo:<\/strong>&nbsp; Somente para os educandos<\/p>\n\n\n\n<p>&#8212;&#8212;&#8212;&#8212;&#8212;&#8212;&#8212;&#8212;&#8212;&#8212;&#8212;&#8212;&#8212;&#8212;&#8212;&#8212;&#8212;&#8212;&#8212;&#8212;&#8212;&#8212;&#8212;&#8212;&#8212;&#8212;&#8212;&#8212;&#8212;&#8212;&#8212;&#8212;&#8212;&#8212;&#8212;&#8212;&#8212;&#8212;&#8212;&#8212;&#8212;&#8212;<\/p>\n\n\n\n<p><strong>Local da Atividade: <\/strong>EPG ALFREDO VOLPI<\/p>\n\n\n\n<p><strong>Data da Atividade:<\/strong> 29\/05\/2025<\/p>\n\n\n\n<p><strong>Descri\u00e7\u00e3o:<\/strong> Rodizio entre as salas do 3\u00baano A e 4\u00ba A. Salas com jogos: xadrez, dama, UNO e dan\u00e7a das cadeiras.<\/p>\n\n\n\n<p><strong>Hor\u00e1rio: <\/strong>Entre 8h30 e 10h30<\/p>\n\n\n\n<p><strong>P\u00fablico alvo:<\/strong>&nbsp; Somente para os educandos<\/p>\n\n\n\n<p>&#8212;&#8212;&#8212;&#8212;&#8212;&#8212;&#8212;&#8212;&#8212;&#8212;&#8212;&#8212;&#8212;&#8212;&#8212;&#8212;&#8212;&#8212;&#8212;&#8212;&#8212;&#8212;&#8212;&#8212;&#8212;&#8212;&#8212;&#8212;&#8212;&#8212;&#8212;&#8212;&#8212;&#8212;&#8212;&#8212;&#8212;&#8212;&#8212;&#8212;&#8212;&#8212;<\/p>\n\n\n\n<p><strong>Local da Atividade: <\/strong>EPG GIANFRANCESCO GUARNIERI<\/p>\n\n\n\n<p><strong>Data da Atividade:<\/strong> 29\/05\/2025<\/p>\n\n\n\n<p><strong>Descri\u00e7\u00e3o:<\/strong> Brincadeiras com bola &#8211; batata quente, queimada<\/p>\n\n\n\n<p><strong>Hor\u00e1rio: <\/strong>8:40h \u00e0s 9:40<\/p>\n\n\n\n<p><strong>P\u00fablico alvo:<\/strong>&nbsp; Somente para os educandos<\/p>\n\n\n\n<p>&#8212;&#8212;&#8212;&#8212;&#8212;&#8212;&#8212;&#8212;&#8212;&#8212;&#8212;&#8212;&#8212;&#8212;&#8212;&#8212;&#8212;&#8212;&#8212;&#8212;&#8212;&#8212;&#8212;&#8212;&#8212;&#8212;&#8212;&#8212;&#8212;&#8212;&#8212;&#8212;&#8212;&#8212;&#8212;&#8212;&#8212;&#8212;&#8212;&#8212;&#8212;&#8212;<\/p>\n\n\n\n<p><strong>Local da Atividade: <\/strong>EPG GIANFRANCESCO GUARNIERI<\/p>\n\n\n\n<p><strong>Data da Atividade:<\/strong> 29\/05\/2025<\/p>\n\n\n\n<p><strong>Descri\u00e7\u00e3o:<\/strong> Amarelinha Africana<\/p>\n\n\n\n<p><strong>Hor\u00e1rio: <\/strong>13h30min as 14h30min<\/p>\n\n\n\n<p><strong>P\u00fablico alvo:<\/strong>&nbsp; Somente para os educandos<\/p>\n\n\n\n<p>&#8212;&#8212;&#8212;&#8212;&#8212;&#8212;&#8212;&#8212;&#8212;&#8212;&#8212;&#8212;&#8212;&#8212;&#8212;&#8212;&#8212;&#8212;&#8212;&#8212;&#8212;&#8212;&#8212;&#8212;&#8212;&#8212;&#8212;&#8212;&#8212;&#8212;&#8212;&#8212;&#8212;&#8212;&#8212;&#8212;&#8212;&#8212;&#8212;&#8212;&#8212;&#8212;<\/p>\n\n\n\n<p><strong>Local da Atividade: <\/strong>EPG GIANFRANCESCO GUARNIERI<\/p>\n\n\n\n<p><strong>Data da Atividade:<\/strong> 29\/05\/2025<\/p>\n\n\n\n<p><strong>Descri\u00e7\u00e3o:<\/strong> uno confecc\u00e7\u00e3o<\/p>\n\n\n\n<p><strong>Hor\u00e1rio: <\/strong>10:30<\/p>\n\n\n\n<p><strong>P\u00fablico alvo:<\/strong>&nbsp; Somente para os educandos<\/p>\n\n\n\n<p>&#8212;&#8212;&#8212;&#8212;&#8212;&#8212;&#8212;&#8212;&#8212;&#8212;&#8212;&#8212;&#8212;&#8212;&#8212;&#8212;&#8212;&#8212;&#8212;&#8212;&#8212;&#8212;&#8212;&#8212;&#8212;&#8212;&#8212;&#8212;&#8212;&#8212;&#8212;&#8212;&#8212;&#8212;&#8212;&#8212;&#8212;&#8212;&#8212;&#8212;&#8212;&#8212;<\/p>\n\n\n\n<p><strong>Local da Atividade: <\/strong>EPG PIMENTAS<\/p>\n\n\n\n<p><strong>Data da Atividade:<\/strong> 29\/05\/2025<\/p>\n\n\n\n<p><strong>Descri\u00e7\u00e3o:<\/strong> Circuito: uma brincadeira de circuito, tamb\u00e9m conhecida como circuito motor ou circuito de obst\u00e1culos, \u00e9 uma atividade l\u00fadica onde as crian\u00e7as exploram um espa\u00e7o preparado com diferentes materiais e desafios para desenvolver habilidades motoras. \u00c9 um percurso onde as crian\u00e7as s\u00e3o incentivadas a realizar diferentes movimentos, como subir, descer, rastejar, saltar, etc.<\/p>\n\n\n\n<p><strong>Hor\u00e1rio: <\/strong>14h<\/p>\n\n\n\n<p><strong>P\u00fablico alvo:<\/strong>&nbsp; Somente para os educandos<\/p>\n\n\n\n<p>&#8212;&#8212;&#8212;&#8212;&#8212;&#8212;&#8212;&#8212;&#8212;&#8212;&#8212;&#8212;&#8212;&#8212;&#8212;&#8212;&#8212;&#8212;&#8212;&#8212;&#8212;&#8212;&#8212;&#8212;&#8212;&#8212;&#8212;&#8212;&#8212;&#8212;&#8212;&#8212;&#8212;&#8212;&#8212;&#8212;&#8212;&#8212;&#8212;&#8212;&#8212;&#8212;<\/p>\n\n\n\n<p><strong>Local da Atividade: <\/strong>EPG PIMENTAS<\/p>\n\n\n\n<p><strong>Data da Atividade:<\/strong> 29\/05\/2025<\/p>\n\n\n\n<p><strong>Descri\u00e7\u00e3o:<\/strong> Circuito de movimento: realizar um circuito com parkour, elementos desafiadores para a crian\u00e7a desenvolver habilidades de movimentar-se em liberdade.<\/p>\n\n\n\n<p><strong>Hor\u00e1rio: <\/strong>14h<\/p>\n\n\n\n<p><strong>P\u00fablico alvo:<\/strong>&nbsp; Somente para os educandos<\/p>\n\n\n\n<p>&#8212;&#8212;&#8212;&#8212;&#8212;&#8212;&#8212;&#8212;&#8212;&#8212;&#8212;&#8212;&#8212;&#8212;&#8212;&#8212;&#8212;&#8212;&#8212;&#8212;&#8212;&#8212;&#8212;&#8212;&#8212;&#8212;&#8212;&#8212;&#8212;&#8212;&#8212;&#8212;&#8212;&#8212;&#8212;&#8212;&#8212;&#8212;&#8212;&#8212;&#8212;&#8212;<\/p>\n\n\n\n<p><strong>Local da Atividade: <\/strong>EPG AM\u00c9LIA DUARTE DA SILVA<\/p>\n\n\n\n<p><strong>Data da Atividade:<\/strong> 29\/05\/2025<\/p>\n\n\n\n<p><strong>Descri\u00e7\u00e3o:<\/strong> Ser\u00e1 desenvolvida atividades envolvendo a diversidade cultural com a brincadeira ind\u00edgena YAPO e a brincadeira africana UBUNTU, visando vivenciar o direito \u00e0 natureza e o direito a viver a inf\u00e2ncia com a produ\u00e7\u00e3o de brinquedo (com a fam\u00edlia)<\/p>\n\n\n\n<p><strong>Hor\u00e1rio: <\/strong>No per\u00edodo da manh\u00e3 das 08H \u00e0s 10H e no per\u00edodo da tarde das 14H \u00e0s 16H.<\/p>\n\n\n\n<p><strong>P\u00fablico alvo:<\/strong>&nbsp; Somente para os educandos<\/p>\n\n\n\n<p>&#8212;&#8212;&#8212;&#8212;&#8212;&#8212;&#8212;&#8212;&#8212;&#8212;&#8212;&#8212;&#8212;&#8212;&#8212;&#8212;&#8212;&#8212;&#8212;&#8212;&#8212;&#8212;&#8212;&#8212;&#8212;&#8212;&#8212;&#8212;&#8212;&#8212;&#8212;&#8212;&#8212;&#8212;&#8212;&#8212;&#8212;&#8212;&#8212;&#8212;&#8212;&#8212;<\/p>\n\n\n\n<p><strong>Local da Atividade: <\/strong>EPG AMADEU PEREIRA LIMA<\/p>\n\n\n\n<p><strong>Data da Atividade:<\/strong> 29\/05\/2025<\/p>\n\n\n\n<p><strong>Descri\u00e7\u00e3o:<\/strong> BINGO<\/p>\n\n\n\n<p><strong>Hor\u00e1rio: <\/strong>A PARTIR DAS 19:30<\/p>\n\n\n\n<p><strong>P\u00fablico alvo:<\/strong>&nbsp; Somente para os educandos<\/p>\n\n\n\n<p>&#8212;&#8212;&#8212;&#8212;&#8212;&#8212;&#8212;&#8212;&#8212;&#8212;&#8212;&#8212;&#8212;&#8212;&#8212;&#8212;&#8212;&#8212;&#8212;&#8212;&#8212;&#8212;&#8212;&#8212;&#8212;&#8212;&#8212;&#8212;&#8212;&#8212;&#8212;&#8212;&#8212;&#8212;&#8212;&#8212;&#8212;&#8212;&#8212;&#8212;&#8212;&#8212;<\/p>\n\n\n\n<p><strong>Local da Atividade: <\/strong>EPG AMADOR BUENO<\/p>\n\n\n\n<p><strong>Data da Atividade:<\/strong> 29\/05\/2025<\/p>\n\n\n\n<p><strong>Descri\u00e7\u00e3o:<\/strong> 1\u00bas ANOS &#8211; A Ilha (din\u00e2mica em grupo); 2\u00b0s ANOS &#8211; Adoleta\/Amarelinha; 3\u00b0 ANO &#8211; Pular corda, Queimada e Parque; 4\u00b0 ANO &#8211; Jogo de Futebol masc\/fem; 5\u00ba ANO &#8211; Jogos de tabuleiro.<\/p>\n\n\n\n<p><strong>Hor\u00e1rio: <\/strong>Hor\u00e1rios previstos: 8h00 \u00e0s 9h00 (manh\u00e3) \/ 14h30 \u00e0s 15h30 (tarde).<\/p>\n\n\n\n<p><strong>P\u00fablico alvo:<\/strong>&nbsp; Somente para os educandos<\/p>\n\n\n\n<p>&#8212;&#8212;&#8212;&#8212;&#8212;&#8212;&#8212;&#8212;&#8212;&#8212;&#8212;&#8212;&#8212;&#8212;&#8212;&#8212;&#8212;&#8212;&#8212;&#8212;&#8212;&#8212;&#8212;&#8212;&#8212;&#8212;&#8212;&#8212;&#8212;&#8212;&#8212;&#8212;&#8212;&#8212;&#8212;&#8212;&#8212;&#8212;&#8212;&#8212;&#8212;&#8212;<\/p>\n\n\n\n<p><strong>Local da Atividade: <\/strong>EPG GIANFRANCESCO GUARNIERI<\/p>\n\n\n\n<p><strong>Data da Atividade:<\/strong> 29\/05\/2025<\/p>\n\n\n\n<p><strong>Descri\u00e7\u00e3o:<\/strong> Constru\u00e7\u00e3o jogo uno<\/p>\n\n\n\n<p><strong>Hor\u00e1rio: <\/strong>10:30 \u00e1s 11:30<\/p>\n\n\n\n<p><strong>P\u00fablico alvo:<\/strong>&nbsp; Somente para os educandos<\/p>\n\n\n\n<p>&#8212;&#8212;&#8212;&#8212;&#8212;&#8212;&#8212;&#8212;&#8212;&#8212;&#8212;&#8212;&#8212;&#8212;&#8212;&#8212;&#8212;&#8212;&#8212;&#8212;&#8212;&#8212;&#8212;&#8212;&#8212;&#8212;&#8212;&#8212;&#8212;&#8212;&#8212;&#8212;&#8212;&#8212;&#8212;&#8212;&#8212;&#8212;&#8212;&#8212;&#8212;&#8212;<\/p>\n\n\n\n<p><strong>Local da Atividade: <\/strong>EPG GIANFRANCESCO GUARNIERI<\/p>\n\n\n\n<p><strong>Data da Atividade:<\/strong> 29\/05\/2025<\/p>\n\n\n\n<p><strong>Descri\u00e7\u00e3o:<\/strong> CIRANDA DA BATATA QUENTE<\/p>\n\n\n\n<p><strong>Hor\u00e1rio: <\/strong>Das 13:30 \u00e0s 15:30<\/p>\n\n\n\n<p><strong>P\u00fablico alvo:<\/strong>&nbsp; Somente para os educandos<\/p>\n\n\n\n<p>&#8212;&#8212;&#8212;&#8212;&#8212;&#8212;&#8212;&#8212;&#8212;&#8212;&#8212;&#8212;&#8212;&#8212;&#8212;&#8212;&#8212;&#8212;&#8212;&#8212;&#8212;&#8212;&#8212;&#8212;&#8212;&#8212;&#8212;&#8212;&#8212;&#8212;&#8212;&#8212;&#8212;&#8212;&#8212;&#8212;&#8212;&#8212;&#8212;&#8212;&#8212;&#8212;<\/p>\n","protected":false},"excerpt":{"rendered":"<p>Local da Atividade: EPG \u00c9RICO VER\u00cdSSIMO Data da Atividade: 29\/05\/2025 Descri\u00e7\u00e3o: JOGOS VARIADOS, UNO, JOGO DA VELHA, STOP E DOMIN\u00d3 Hor\u00e1rio: DURANTE O PER\u00cdODO DE AULA, MNANH\u00c3 E TARDE P\u00fablico &hellip;<\/p>\n<p class=\"read-more\"> <a class=\"\" href=\"https:\/\/portaleducacao.guarulhos.sp.gov.br\/wp_site\/semanadobrincar2025\/2025\/05\/28\/dia-29-2\/\"> <span class=\"screen-reader-text\">Dia 29<\/span> Leia mais &raquo;<\/a><\/p>\n","protected":false},"author":32,"featured_media":399,"comment_status":"closed","ping_status":"open","sticky":false,"template":"","format":"standard","meta":{"_monsterinsights_skip_tracking":false,"_monsterinsights_sitenote_active":false,"_monsterinsights_sitenote_note":"","_monsterinsights_sitenote_category":0,"site-sidebar-layout":"default","site-content-layout":"default","ast-global-header-display":"","ast-main-header-display":"","ast-hfb-above-header-display":"","ast-hfb-below-header-display":"","ast-hfb-mobile-header-display":"","site-post-title":"","ast-breadcrumbs-content":"","ast-featured-img":"","footer-sml-layout":"","theme-transparent-header-meta":"","adv-header-id-meta":"","stick-header-meta":"","header-above-stick-meta":"","header-main-stick-meta":"","header-below-stick-meta":"","_expiration-date-status":"","_expiration-date":1749045680,"_expiration-date-type":"draft","_expiration-date-categories":[],"_expiration-date-options":[]},"categories":[23,11,25],"tags":[],"yoast_head":"<!-- This site is optimized with the Yoast SEO plugin v19.7.1 - https:\/\/yoast.com\/wordpress\/plugins\/seo\/ -->\r\n<title>Dia 29 - semana do brincar<\/title>\r\n<meta name=\"robots\" content=\"index, follow, max-snippet:-1, max-image-preview:large, max-video-preview:-1\" \/>\r\n<link rel=\"canonical\" href=\"https:\/\/portaleducacao.guarulhos.sp.gov.br\/wp_site\/semanadobrincar2025\/2025\/05\/28\/dia-29-2\/\" \/>\r\n<meta property=\"og:locale\" content=\"pt_BR\" \/>\r\n<meta property=\"og:type\" content=\"article\" \/>\r\n<meta property=\"og:title\" content=\"Dia 29 - semana do brincar\" \/>\r\n<meta property=\"og:description\" content=\"Local da Atividade: EPG \u00c9RICO VER\u00cdSSIMO Data da Atividade: 29\/05\/2025 Descri\u00e7\u00e3o: JOGOS VARIADOS, UNO, JOGO DA VELHA, STOP E DOMIN\u00d3 Hor\u00e1rio: DURANTE O PER\u00cdODO DE AULA, MNANH\u00c3 E TARDE P\u00fablico &hellip; Dia 29 Leia mais &raquo;\" \/>\r\n<meta property=\"og:url\" content=\"https:\/\/portaleducacao.guarulhos.sp.gov.br\/wp_site\/semanadobrincar2025\/2025\/05\/28\/dia-29-2\/\" \/>\r\n<meta property=\"og:site_name\" content=\"semana do brincar\" \/>\r\n<meta property=\"article:published_time\" content=\"2025-05-28T14:02:01+00:00\" \/>\r\n<meta property=\"article:modified_time\" content=\"2025-05-28T14:02:02+00:00\" \/>\r\n<meta property=\"og:image\" content=\"http:\/\/portaleducacao.guarulhos.sp.gov.br\/wp_site\/semanadobrincar2025\/wp-content\/uploads\/sites\/40\/2025\/05\/dia_29.png\" \/>\r\n\t<meta property=\"og:image:width\" content=\"2154\" \/>\r\n\t<meta property=\"og:image:height\" content=\"2387\" \/>\r\n\t<meta property=\"og:image:type\" content=\"image\/png\" \/>\r\n<meta name=\"author\" content=\"talitasds\" \/>\r\n<meta name=\"twitter:card\" content=\"summary_large_image\" \/>\r\n<meta name=\"twitter:label1\" content=\"Escrito por\" \/>\n\t<meta name=\"twitter:data1\" content=\"talitasds\" \/>\n\t<meta name=\"twitter:label2\" content=\"Est. tempo de leitura\" \/>\n\t<meta name=\"twitter:data2\" content=\"10 minutos\" \/>\r\n<script type=\"application\/ld+json\" class=\"yoast-schema-graph\">{\"@context\":\"https:\/\/schema.org\",\"@graph\":[{\"@type\":\"WebPage\",\"@id\":\"https:\/\/portaleducacao.guarulhos.sp.gov.br\/wp_site\/semanadobrincar2025\/2025\/05\/28\/dia-29-2\/\",\"url\":\"https:\/\/portaleducacao.guarulhos.sp.gov.br\/wp_site\/semanadobrincar2025\/2025\/05\/28\/dia-29-2\/\",\"name\":\"Dia 29 - semana do brincar\",\"isPartOf\":{\"@id\":\"https:\/\/portaleducacao.guarulhos.sp.gov.br\/wp_site\/semanadobrincar2025\/#website\"},\"datePublished\":\"2025-05-28T14:02:01+00:00\",\"dateModified\":\"2025-05-28T14:02:02+00:00\",\"author\":{\"@id\":\"https:\/\/portaleducacao.guarulhos.sp.gov.br\/wp_site\/semanadobrincar2025\/#\/schema\/person\/1e6f253ac148bf2e1afbc55205e45b3c\"},\"breadcrumb\":{\"@id\":\"https:\/\/portaleducacao.guarulhos.sp.gov.br\/wp_site\/semanadobrincar2025\/2025\/05\/28\/dia-29-2\/#breadcrumb\"},\"inLanguage\":\"pt-BR\",\"potentialAction\":[{\"@type\":\"ReadAction\",\"target\":[\"https:\/\/portaleducacao.guarulhos.sp.gov.br\/wp_site\/semanadobrincar2025\/2025\/05\/28\/dia-29-2\/\"]}]},{\"@type\":\"BreadcrumbList\",\"@id\":\"https:\/\/portaleducacao.guarulhos.sp.gov.br\/wp_site\/semanadobrincar2025\/2025\/05\/28\/dia-29-2\/#breadcrumb\",\"itemListElement\":[{\"@type\":\"ListItem\",\"position\":1,\"name\":\"In\u00edcio\",\"item\":\"https:\/\/portaleducacao.guarulhos.sp.gov.br\/wp_site\/semanadobrincar2025\/\"},{\"@type\":\"ListItem\",\"position\":2,\"name\":\"Dia 29\"}]},{\"@type\":\"WebSite\",\"@id\":\"https:\/\/portaleducacao.guarulhos.sp.gov.br\/wp_site\/semanadobrincar2025\/#website\",\"url\":\"https:\/\/portaleducacao.guarulhos.sp.gov.br\/wp_site\/semanadobrincar2025\/\",\"name\":\"semana do brincar\",\"description\":\"S\u00f3 mais um site Portal SE Informe\",\"potentialAction\":[{\"@type\":\"SearchAction\",\"target\":{\"@type\":\"EntryPoint\",\"urlTemplate\":\"https:\/\/portaleducacao.guarulhos.sp.gov.br\/wp_site\/semanadobrincar2025\/?s={search_term_string}\"},\"query-input\":\"required name=search_term_string\"}],\"inLanguage\":\"pt-BR\"},{\"@type\":\"Person\",\"@id\":\"https:\/\/portaleducacao.guarulhos.sp.gov.br\/wp_site\/semanadobrincar2025\/#\/schema\/person\/1e6f253ac148bf2e1afbc55205e45b3c\",\"name\":\"talitasds\",\"image\":{\"@type\":\"ImageObject\",\"inLanguage\":\"pt-BR\",\"@id\":\"https:\/\/portaleducacao.guarulhos.sp.gov.br\/wp_site\/semanadobrincar2025\/#\/schema\/person\/image\/\",\"url\":\"https:\/\/secure.gravatar.com\/avatar\/b3afe9b1393d5877d6ff7604eff566dd?s=96&d=mm&r=g\",\"contentUrl\":\"https:\/\/secure.gravatar.com\/avatar\/b3afe9b1393d5877d6ff7604eff566dd?s=96&d=mm&r=g\",\"caption\":\"talitasds\"},\"url\":\"https:\/\/portaleducacao.guarulhos.sp.gov.br\/wp_site\/semanadobrincar2025\/author\/talitasds\/\"}]}<\/script>\r\n<!-- \/ Yoast SEO plugin. -->","yoast_head_json":{"title":"Dia 29 - semana do brincar","robots":{"index":"index","follow":"follow","max-snippet":"max-snippet:-1","max-image-preview":"max-image-preview:large","max-video-preview":"max-video-preview:-1"},"canonical":"https:\/\/portaleducacao.guarulhos.sp.gov.br\/wp_site\/semanadobrincar2025\/2025\/05\/28\/dia-29-2\/","og_locale":"pt_BR","og_type":"article","og_title":"Dia 29 - semana do brincar","og_description":"Local da Atividade: EPG \u00c9RICO VER\u00cdSSIMO Data da Atividade: 29\/05\/2025 Descri\u00e7\u00e3o: JOGOS VARIADOS, UNO, JOGO DA VELHA, STOP E DOMIN\u00d3 Hor\u00e1rio: DURANTE O PER\u00cdODO DE AULA, MNANH\u00c3 E TARDE P\u00fablico &hellip; Dia 29 Leia mais &raquo;","og_url":"https:\/\/portaleducacao.guarulhos.sp.gov.br\/wp_site\/semanadobrincar2025\/2025\/05\/28\/dia-29-2\/","og_site_name":"semana do brincar","article_published_time":"2025-05-28T14:02:01+00:00","article_modified_time":"2025-05-28T14:02:02+00:00","og_image":[{"width":2154,"height":2387,"url":"http:\/\/portaleducacao.guarulhos.sp.gov.br\/wp_site\/semanadobrincar2025\/wp-content\/uploads\/sites\/40\/2025\/05\/dia_29.png","type":"image\/png"}],"author":"talitasds","twitter_card":"summary_large_image","twitter_misc":{"Escrito por":"talitasds","Est. tempo de leitura":"10 minutos"},"schema":{"@context":"https:\/\/schema.org","@graph":[{"@type":"WebPage","@id":"https:\/\/portaleducacao.guarulhos.sp.gov.br\/wp_site\/semanadobrincar2025\/2025\/05\/28\/dia-29-2\/","url":"https:\/\/portaleducacao.guarulhos.sp.gov.br\/wp_site\/semanadobrincar2025\/2025\/05\/28\/dia-29-2\/","name":"Dia 29 - semana do brincar","isPartOf":{"@id":"https:\/\/portaleducacao.guarulhos.sp.gov.br\/wp_site\/semanadobrincar2025\/#website"},"datePublished":"2025-05-28T14:02:01+00:00","dateModified":"2025-05-28T14:02:02+00:00","author":{"@id":"https:\/\/portaleducacao.guarulhos.sp.gov.br\/wp_site\/semanadobrincar2025\/#\/schema\/person\/1e6f253ac148bf2e1afbc55205e45b3c"},"breadcrumb":{"@id":"https:\/\/portaleducacao.guarulhos.sp.gov.br\/wp_site\/semanadobrincar2025\/2025\/05\/28\/dia-29-2\/#breadcrumb"},"inLanguage":"pt-BR","potentialAction":[{"@type":"ReadAction","target":["https:\/\/portaleducacao.guarulhos.sp.gov.br\/wp_site\/semanadobrincar2025\/2025\/05\/28\/dia-29-2\/"]}]},{"@type":"BreadcrumbList","@id":"https:\/\/portaleducacao.guarulhos.sp.gov.br\/wp_site\/semanadobrincar2025\/2025\/05\/28\/dia-29-2\/#breadcrumb","itemListElement":[{"@type":"ListItem","position":1,"name":"In\u00edcio","item":"https:\/\/portaleducacao.guarulhos.sp.gov.br\/wp_site\/semanadobrincar2025\/"},{"@type":"ListItem","position":2,"name":"Dia 29"}]},{"@type":"WebSite","@id":"https:\/\/portaleducacao.guarulhos.sp.gov.br\/wp_site\/semanadobrincar2025\/#website","url":"https:\/\/portaleducacao.guarulhos.sp.gov.br\/wp_site\/semanadobrincar2025\/","name":"semana do brincar","description":"S\u00f3 mais um site Portal SE Informe","potentialAction":[{"@type":"SearchAction","target":{"@type":"EntryPoint","urlTemplate":"https:\/\/portaleducacao.guarulhos.sp.gov.br\/wp_site\/semanadobrincar2025\/?s={search_term_string}"},"query-input":"required name=search_term_string"}],"inLanguage":"pt-BR"},{"@type":"Person","@id":"https:\/\/portaleducacao.guarulhos.sp.gov.br\/wp_site\/semanadobrincar2025\/#\/schema\/person\/1e6f253ac148bf2e1afbc55205e45b3c","name":"talitasds","image":{"@type":"ImageObject","inLanguage":"pt-BR","@id":"https:\/\/portaleducacao.guarulhos.sp.gov.br\/wp_site\/semanadobrincar2025\/#\/schema\/person\/image\/","url":"https:\/\/secure.gravatar.com\/avatar\/b3afe9b1393d5877d6ff7604eff566dd?s=96&d=mm&r=g","contentUrl":"https:\/\/secure.gravatar.com\/avatar\/b3afe9b1393d5877d6ff7604eff566dd?s=96&d=mm&r=g","caption":"talitasds"},"url":"https:\/\/portaleducacao.guarulhos.sp.gov.br\/wp_site\/semanadobrincar2025\/author\/talitasds\/"}]}},"_links":{"self":[{"href":"https:\/\/portaleducacao.guarulhos.sp.gov.br\/wp_site\/semanadobrincar2025\/wp-json\/wp\/v2\/posts\/807"}],"collection":[{"href":"https:\/\/portaleducacao.guarulhos.sp.gov.br\/wp_site\/semanadobrincar2025\/wp-json\/wp\/v2\/posts"}],"about":[{"href":"https:\/\/portaleducacao.guarulhos.sp.gov.br\/wp_site\/semanadobrincar2025\/wp-json\/wp\/v2\/types\/post"}],"author":[{"embeddable":true,"href":"https:\/\/portaleducacao.guarulhos.sp.gov.br\/wp_site\/semanadobrincar2025\/wp-json\/wp\/v2\/users\/32"}],"replies":[{"embeddable":true,"href":"https:\/\/portaleducacao.guarulhos.sp.gov.br\/wp_site\/semanadobrincar2025\/wp-json\/wp\/v2\/comments?post=807"}],"version-history":[{"count":1,"href":"https:\/\/portaleducacao.guarulhos.sp.gov.br\/wp_site\/semanadobrincar2025\/wp-json\/wp\/v2\/posts\/807\/revisions"}],"predecessor-version":[{"id":808,"href":"https:\/\/portaleducacao.guarulhos.sp.gov.br\/wp_site\/semanadobrincar2025\/wp-json\/wp\/v2\/posts\/807\/revisions\/808"}],"wp:featuredmedia":[{"embeddable":true,"href":"https:\/\/portaleducacao.guarulhos.sp.gov.br\/wp_site\/semanadobrincar2025\/wp-json\/wp\/v2\/media\/399"}],"wp:attachment":[{"href":"https:\/\/portaleducacao.guarulhos.sp.gov.br\/wp_site\/semanadobrincar2025\/wp-json\/wp\/v2\/media?parent=807"}],"wp:term":[{"taxonomy":"category","embeddable":true,"href":"https:\/\/portaleducacao.guarulhos.sp.gov.br\/wp_site\/semanadobrincar2025\/wp-json\/wp\/v2\/categories?post=807"},{"taxonomy":"post_tag","embeddable":true,"href":"https:\/\/portaleducacao.guarulhos.sp.gov.br\/wp_site\/semanadobrincar2025\/wp-json\/wp\/v2\/tags?post=807"}],"curies":[{"name":"wp","href":"https:\/\/api.w.org\/{rel}","templated":true}]}}