{"id":809,"date":"2025-05-28T11:02:42","date_gmt":"2025-05-28T14:02:42","guid":{"rendered":"https:\/\/portaleducacao.guarulhos.sp.gov.br\/wp_site\/semanadobrincar2025\/?p=809"},"modified":"2025-05-28T11:02:44","modified_gmt":"2025-05-28T14:02:44","slug":"dia-30-2","status":"publish","type":"post","link":"https:\/\/portaleducacao.guarulhos.sp.gov.br\/wp_site\/semanadobrincar2025\/2025\/05\/28\/dia-30-2\/","title":{"rendered":"Dia 30"},"content":{"rendered":"\n<p><strong>Local da Atividade: <\/strong>EPG RAUL CORTEZ<\/p>\n\n\n\n<p><strong>Data da Atividade:<\/strong> 30\/05\/2025<\/p>\n\n\n\n<p><strong>Descri\u00e7\u00e3o:<\/strong> CIRCUITO PSICOMOTOR<\/p>\n\n\n\n<p><strong>Hor\u00e1rio: <\/strong>10h e 15h<\/p>\n\n\n\n<p><strong>P\u00fablico alvo:<\/strong>&nbsp; Somente para os educandos<\/p>\n\n\n\n<p>&#8212;&#8212;&#8212;&#8212;&#8212;&#8212;&#8212;&#8212;&#8212;&#8212;&#8212;&#8212;&#8212;&#8212;&#8212;&#8212;&#8212;&#8212;&#8212;&#8212;&#8212;&#8212;&#8212;&#8212;&#8212;&#8212;&#8212;&#8212;&#8212;&#8212;&#8212;&#8212;&#8212;&#8212;&#8212;&#8212;&#8212;&#8212;&#8212;&#8212;&#8212;&#8212;<\/p>\n\n\n\n<p><strong>Local da Atividade: <\/strong>EPG PER\u00c1CIO GRILLI, PASTOR<\/p>\n\n\n\n<p><strong>Data da Atividade:<\/strong> 30\/05\/2025<\/p>\n\n\n\n<p><strong>Descri\u00e7\u00e3o:<\/strong> Realizaremos um circuito com: bambol\u00ea, peteca, ioi\u00f4, corda, barra manteiga, boliche, batata quente e amarelinha. Finalizaremos com a constru\u00e7\u00e3o de uma capucheta pelos educandos.<\/p>\n\n\n\n<p><strong>Hor\u00e1rio: <\/strong>Hor\u00e1rio aula<\/p>\n\n\n\n<p><strong>P\u00fablico alvo:<\/strong>&nbsp; Somente para os educandos<\/p>\n\n\n\n<p>&#8212;&#8212;&#8212;&#8212;&#8212;&#8212;&#8212;&#8212;&#8212;&#8212;&#8212;&#8212;&#8212;&#8212;&#8212;&#8212;&#8212;&#8212;&#8212;&#8212;&#8212;&#8212;&#8212;&#8212;&#8212;&#8212;&#8212;&#8212;&#8212;&#8212;&#8212;&#8212;&#8212;&#8212;&#8212;&#8212;&#8212;&#8212;&#8212;&#8212;&#8212;&#8212;<\/p>\n\n\n\n<p><strong>Local da Atividade: <\/strong>EPG CHICO MENDES<\/p>\n\n\n\n<p><strong>Data da Atividade:<\/strong> 30\/05\/2025<\/p>\n\n\n\n<p><strong>Descri\u00e7\u00e3o:<\/strong> 5 Marias e Batata quente.<\/p>\n\n\n\n<p><strong>Hor\u00e1rio: <\/strong>8h00 \u00e0s 9h30 e 15h00 \u00e0s 16h20.<\/p>\n\n\n\n<p><strong>P\u00fablico alvo:<\/strong>&nbsp; Somente para os educandos<\/p>\n\n\n\n<p>&#8212;&#8212;&#8212;&#8212;&#8212;&#8212;&#8212;&#8212;&#8212;&#8212;&#8212;&#8212;&#8212;&#8212;&#8212;&#8212;&#8212;&#8212;&#8212;&#8212;&#8212;&#8212;&#8212;&#8212;&#8212;&#8212;&#8212;&#8212;&#8212;&#8212;&#8212;&#8212;&#8212;&#8212;&#8212;&#8212;&#8212;&#8212;&#8212;&#8212;&#8212;&#8212;<\/p>\n\n\n\n<p><strong>Local da Atividade: <\/strong>EPG CORA CORALINA<\/p>\n\n\n\n<p><strong>Data da Atividade:<\/strong> 30\/05\/2025<\/p>\n\n\n\n<p><strong>Descri\u00e7\u00e3o:<\/strong> Circuito&nbsp; psicomotor com resgate de brincadeiras.<\/p>\n\n\n\n<p><strong>Hor\u00e1rio: <\/strong>7h \u00e0s 11h30 e 13h \u00e0s 17h30<\/p>\n\n\n\n<p><strong>P\u00fablico alvo:<\/strong>&nbsp; Somente para os educandos<\/p>\n\n\n\n<p>&#8212;&#8212;&#8212;&#8212;&#8212;&#8212;&#8212;&#8212;&#8212;&#8212;&#8212;&#8212;&#8212;&#8212;&#8212;&#8212;&#8212;&#8212;&#8212;&#8212;&#8212;&#8212;&#8212;&#8212;&#8212;&#8212;&#8212;&#8212;&#8212;&#8212;&#8212;&#8212;&#8212;&#8212;&#8212;&#8212;&#8212;&#8212;&#8212;&#8212;&#8212;&#8212;<\/p>\n\n\n\n<p><strong>Local da Atividade: <\/strong>EPG CHICO MENDES<\/p>\n\n\n\n<p><strong>Data da Atividade:<\/strong> 30\/05\/2025<\/p>\n\n\n\n<p><strong>Descri\u00e7\u00e3o:<\/strong> Brincadeira do el\u00e1stico, amarelinha africana, oficina de massinha, confec\u00e7\u00e3o de peteca.<\/p>\n\n\n\n<p><strong>Hor\u00e1rio: <\/strong>8h00 \u00e0s 10h00. As atividades acontecer\u00e3o ao longo da semana do brincar.<\/p>\n\n\n\n<p><strong>P\u00fablico alvo:<\/strong>&nbsp; Somente para os educandos<\/p>\n\n\n\n<p>&#8212;&#8212;&#8212;&#8212;&#8212;&#8212;&#8212;&#8212;&#8212;&#8212;&#8212;&#8212;&#8212;&#8212;&#8212;&#8212;&#8212;&#8212;&#8212;&#8212;&#8212;&#8212;&#8212;&#8212;&#8212;&#8212;&#8212;&#8212;&#8212;&#8212;&#8212;&#8212;&#8212;&#8212;&#8212;&#8212;&#8212;&#8212;&#8212;&#8212;&#8212;&#8212;<\/p>\n\n\n\n<p><strong>Local da Atividade: <\/strong>EPG CHICO MENDES<\/p>\n\n\n\n<p><strong>Data da Atividade:<\/strong> 30\/05\/2025<\/p>\n\n\n\n<p><strong>Descri\u00e7\u00e3o:<\/strong> Gincana: corrida do saco, corrida do ovo, bola encima\/embaixo. Com a ajuda dos pais os educandos construir\u00e3o brinquedos antigos que ser\u00e3o socializados com a turma.<\/p>\n\n\n\n<p><strong>Hor\u00e1rio: <\/strong>8h30 as 10h30. As brincadeiras acontecer\u00e3o ao longo da semana do brincar.<\/p>\n\n\n\n<p><strong>P\u00fablico alvo:<\/strong>&nbsp; Somente para os educandos<\/p>\n\n\n\n<p>&#8212;&#8212;&#8212;&#8212;&#8212;&#8212;&#8212;&#8212;&#8212;&#8212;&#8212;&#8212;&#8212;&#8212;&#8212;&#8212;&#8212;&#8212;&#8212;&#8212;&#8212;&#8212;&#8212;&#8212;&#8212;&#8212;&#8212;&#8212;&#8212;&#8212;&#8212;&#8212;&#8212;&#8212;&#8212;&#8212;&#8212;&#8212;&#8212;&#8212;&#8212;&#8212;<\/p>\n\n\n\n<p><strong>Local da Atividade: <\/strong>EPG CHICO MENDES<\/p>\n\n\n\n<p><strong>Data da Atividade:<\/strong> 30\/05\/2025<\/p>\n\n\n\n<p><strong>Descri\u00e7\u00e3o:<\/strong> Circuito de brincadeiras, constru\u00e7\u00e3o de jogo da velha e bingo na sala de aula.<\/p>\n\n\n\n<p><strong>Hor\u00e1rio: <\/strong>8h00 \u00e0s 09h40, as atividades acontecer\u00e3o nos dias 28, 29 e 30\/05<\/p>\n\n\n\n<p><strong>P\u00fablico alvo:<\/strong>&nbsp; Somente para os educandos<\/p>\n\n\n\n<p>&#8212;&#8212;&#8212;&#8212;&#8212;&#8212;&#8212;&#8212;&#8212;&#8212;&#8212;&#8212;&#8212;&#8212;&#8212;&#8212;&#8212;&#8212;&#8212;&#8212;&#8212;&#8212;&#8212;&#8212;&#8212;&#8212;&#8212;&#8212;&#8212;&#8212;&#8212;&#8212;&#8212;&#8212;&#8212;&#8212;&#8212;&#8212;&#8212;&#8212;&#8212;&#8212;<\/p>\n\n\n\n<p><strong>Local da Atividade: <\/strong>EPG RACHEL DE QUEIROZ<\/p>\n\n\n\n<p><strong>Data da Atividade:<\/strong> 30\/05\/2025<\/p>\n\n\n\n<p><strong>Descri\u00e7\u00e3o:<\/strong> Brinquedos infl\u00e1veis<\/p>\n\n\n\n<p><strong>Hor\u00e1rio: <\/strong>13:30, 14h, 14:30, 15h, 14:30, 15h, 15:30, 16h, 16:30 e 17h<\/p>\n\n\n\n<p><strong>P\u00fablico alvo:<\/strong>&nbsp; Somente para os educandos<\/p>\n\n\n\n<p>&#8212;&#8212;&#8212;&#8212;&#8212;&#8212;&#8212;&#8212;&#8212;&#8212;&#8212;&#8212;&#8212;&#8212;&#8212;&#8212;&#8212;&#8212;&#8212;&#8212;&#8212;&#8212;&#8212;&#8212;&#8212;&#8212;&#8212;&#8212;&#8212;&#8212;&#8212;&#8212;&#8212;&#8212;&#8212;&#8212;&#8212;&#8212;&#8212;&#8212;&#8212;&#8212;<\/p>\n\n\n\n<p><strong>Local da Atividade: <\/strong>EPG RACHEL DE QUEIROZ<\/p>\n\n\n\n<p><strong>Data da Atividade:<\/strong> 30\/05\/2025<\/p>\n\n\n\n<p><strong>Descri\u00e7\u00e3o:<\/strong> Brinquedos infl\u00e1veis<\/p>\n\n\n\n<p><strong>Hor\u00e1rio: <\/strong>7:30, 8h, 8:30, 9h, 9:30, 10h, 10:30 e 11h.<\/p>\n\n\n\n<p><strong>P\u00fablico alvo:<\/strong>&nbsp; Somente para os educandos<\/p>\n\n\n\n<p>&#8212;&#8212;&#8212;&#8212;&#8212;&#8212;&#8212;&#8212;&#8212;&#8212;&#8212;&#8212;&#8212;&#8212;&#8212;&#8212;&#8212;&#8212;&#8212;&#8212;&#8212;&#8212;&#8212;&#8212;&#8212;&#8212;&#8212;&#8212;&#8212;&#8212;&#8212;&#8212;&#8212;&#8212;&#8212;&#8212;&#8212;&#8212;&#8212;&#8212;&#8212;&#8212;<\/p>\n\n\n\n<p><strong>Local da Atividade: <\/strong>EPG CHICO MENDES<\/p>\n\n\n\n<p><strong>Data da Atividade:<\/strong> 30\/05\/2025<\/p>\n\n\n\n<p><strong>Descri\u00e7\u00e3o:<\/strong> Boliche, morto ou vivo, amarelinha, corre cotia, confec\u00e7\u00e3o de peteca.<\/p>\n\n\n\n<p><strong>Hor\u00e1rio: <\/strong>14h00 \u00e0s 16h00. As atividades acontecer\u00e3o ao longo da semana do brincar.<\/p>\n\n\n\n<p><strong>P\u00fablico alvo:<\/strong>&nbsp; Somente para os educandos<\/p>\n\n\n\n<p>&#8212;&#8212;&#8212;&#8212;&#8212;&#8212;&#8212;&#8212;&#8212;&#8212;&#8212;&#8212;&#8212;&#8212;&#8212;&#8212;&#8212;&#8212;&#8212;&#8212;&#8212;&#8212;&#8212;&#8212;&#8212;&#8212;&#8212;&#8212;&#8212;&#8212;&#8212;&#8212;&#8212;&#8212;&#8212;&#8212;&#8212;&#8212;&#8212;&#8212;&#8212;&#8212;<\/p>\n\n\n\n<p><strong>Local da Atividade: <\/strong>EPG VICENTE FERREIRA SILVEIRA<\/p>\n\n\n\n<p><strong>Data da Atividade:<\/strong> 30\/05\/2025<\/p>\n\n\n\n<p><strong>Descri\u00e7\u00e3o:<\/strong> Resgate as brincadeiras Tradicionais- Lencinho Branco, passa anel, dan\u00e7a das cadeiras entre outras<\/p>\n\n\n\n<p><strong>Hor\u00e1rio: <\/strong>A\u00e7o tecer\u00e1 durante o per\u00edodo de aula.<\/p>\n\n\n\n<p><strong>P\u00fablico alvo:<\/strong>&nbsp; Somente para os educandos<\/p>\n\n\n\n<p>&#8212;&#8212;&#8212;&#8212;&#8212;&#8212;&#8212;&#8212;&#8212;&#8212;&#8212;&#8212;&#8212;&#8212;&#8212;&#8212;&#8212;&#8212;&#8212;&#8212;&#8212;&#8212;&#8212;&#8212;&#8212;&#8212;&#8212;&#8212;&#8212;&#8212;&#8212;&#8212;&#8212;&#8212;&#8212;&#8212;&#8212;&#8212;&#8212;&#8212;&#8212;&#8212;<\/p>\n\n\n\n<p><strong>Local da Atividade: <\/strong>EPG AMADOR BUENO<\/p>\n\n\n\n<p><strong>Data da Atividade:<\/strong> 30\/05\/2025<\/p>\n\n\n\n<p><strong>Descri\u00e7\u00e3o:<\/strong> Dia da Fam\u00edlia na Escola: Oficina de Produ\u00e7\u00e3o de Chaveiros, Conta\u00e7\u00e3o de Hist\u00f3ria, Oficina de Brinquedos Recicl\u00e1veis, Oficina de Automassagem, Sala de Jogos, Ciranda ou Brincadeira Corporal, Oficina de Porta \u2013 Trecos<\/p>\n\n\n\n<p><strong>Hor\u00e1rio: <\/strong>Das 8h \u00e0s 17h<\/p>\n\n\n\n<p><strong>P\u00fablico alvo:<\/strong>&nbsp; Restrita aos educandos e fam\u00edlias dos educandos da unidade escolar<\/p>\n\n\n\n<p>&#8212;&#8212;&#8212;&#8212;&#8212;&#8212;&#8212;&#8212;&#8212;&#8212;&#8212;&#8212;&#8212;&#8212;&#8212;&#8212;&#8212;&#8212;&#8212;&#8212;&#8212;&#8212;&#8212;&#8212;&#8212;&#8212;&#8212;&#8212;&#8212;&#8212;&#8212;&#8212;&#8212;&#8212;&#8212;&#8212;&#8212;&#8212;&#8212;&#8212;&#8212;&#8212;<\/p>\n\n\n\n<p><strong>Local da Atividade: <\/strong>EPG ANSELMO DUARTE<\/p>\n\n\n\n<p><strong>Data da Atividade:<\/strong> 30\/05\/2025<\/p>\n\n\n\n<p><strong>Descri\u00e7\u00e3o:<\/strong> Os educandos ir\u00e3o confeccionar um jogo da velha<\/p>\n\n\n\n<p><strong>Hor\u00e1rio: <\/strong>10h<\/p>\n\n\n\n<p><strong>P\u00fablico alvo:<\/strong>&nbsp; Somente para os educandos<\/p>\n\n\n\n<p>&#8212;&#8212;&#8212;&#8212;&#8212;&#8212;&#8212;&#8212;&#8212;&#8212;&#8212;&#8212;&#8212;&#8212;&#8212;&#8212;&#8212;&#8212;&#8212;&#8212;&#8212;&#8212;&#8212;&#8212;&#8212;&#8212;&#8212;&#8212;&#8212;&#8212;&#8212;&#8212;&#8212;&#8212;&#8212;&#8212;&#8212;&#8212;&#8212;&#8212;&#8212;&#8212;<\/p>\n\n\n\n<p><strong>Local da Atividade: <\/strong>EPG \u00c9RICO VER\u00cdSSIMO<\/p>\n\n\n\n<p><strong>Data da Atividade:<\/strong> 30\/05\/2025<\/p>\n\n\n\n<p><strong>Descri\u00e7\u00e3o:<\/strong> brincadeira batata quente e confec\u00e7\u00e3o do balangand\u00e3<\/p>\n\n\n\n<p><strong>Hor\u00e1rio: <\/strong>Entre&nbsp; 8h e 10h e entre 14h e 16h<\/p>\n\n\n\n<p><strong>P\u00fablico alvo:<\/strong>&nbsp; Somente para os educandos<\/p>\n\n\n\n<p>&#8212;&#8212;&#8212;&#8212;&#8212;&#8212;&#8212;&#8212;&#8212;&#8212;&#8212;&#8212;&#8212;&#8212;&#8212;&#8212;&#8212;&#8212;&#8212;&#8212;&#8212;&#8212;&#8212;&#8212;&#8212;&#8212;&#8212;&#8212;&#8212;&#8212;&#8212;&#8212;&#8212;&#8212;&#8212;&#8212;&#8212;&#8212;&#8212;&#8212;&#8212;&#8212;<\/p>\n\n\n\n<p><strong>Local da Atividade: <\/strong>EPG NAZIRA ABBUD ZANARDI<\/p>\n\n\n\n<p><strong>Data da Atividade:<\/strong> 30\/05\/2025<\/p>\n\n\n\n<p><strong>Descri\u00e7\u00e3o:<\/strong> Ser\u00e3o realizadas uma sequ\u00eancia de brincadeiras ao ar livre: &#8220;explorar a natureza, amarelinha e cabo de guerra&#8221;. (Est\u00e1gios I e II; maternal).<\/p>\n\n\n\n<p><strong>Hor\u00e1rio: <\/strong>a partir das 8h e das 14h.<\/p>\n\n\n\n<p><strong>P\u00fablico alvo:<\/strong>&nbsp; Somente para os educandos<\/p>\n\n\n\n<p>&#8212;&#8212;&#8212;&#8212;&#8212;&#8212;&#8212;&#8212;&#8212;&#8212;&#8212;&#8212;&#8212;&#8212;&#8212;&#8212;&#8212;&#8212;&#8212;&#8212;&#8212;&#8212;&#8212;&#8212;&#8212;&#8212;&#8212;&#8212;&#8212;&#8212;&#8212;&#8212;&#8212;&#8212;&#8212;&#8212;&#8212;&#8212;&#8212;&#8212;&#8212;&#8212;<\/p>\n\n\n\n<p><strong>Local da Atividade: <\/strong>EPG PATR\u00cdCIA GALV\u00c3O &#8211; PAG\u00da<\/p>\n\n\n\n<p><strong>Data da Atividade:<\/strong> 30\/05\/2025<\/p>\n\n\n\n<p><strong>Descri\u00e7\u00e3o:<\/strong> Jogo da imita\u00e7\u00e3o. As crian\u00e7as dever\u00e3o se dividir em duas turmas e imitar exatamente os movimentos que ser\u00e3o realizados com os objetos, como pular, abaixar, andar para um lado, para o outro, juntar e etc.<\/p>\n\n\n\n<p><strong>Hor\u00e1rio: <\/strong>14h15<\/p>\n\n\n\n<p><strong>P\u00fablico alvo:<\/strong>&nbsp; Somente para os educandos<\/p>\n\n\n\n<p>&#8212;&#8212;&#8212;&#8212;&#8212;&#8212;&#8212;&#8212;&#8212;&#8212;&#8212;&#8212;&#8212;&#8212;&#8212;&#8212;&#8212;&#8212;&#8212;&#8212;&#8212;&#8212;&#8212;&#8212;&#8212;&#8212;&#8212;&#8212;&#8212;&#8212;&#8212;&#8212;&#8212;&#8212;&#8212;&#8212;&#8212;&#8212;&#8212;&#8212;&#8212;&#8212;<\/p>\n\n\n\n<p><strong>Local da Atividade: <\/strong>EPG PAULO AUTRAN<\/p>\n\n\n\n<p><strong>Data da Atividade:<\/strong> 30\/05\/2025<\/p>\n\n\n\n<p><strong>Descri\u00e7\u00e3o:<\/strong> Confeccionar brinquedo Paper Duck e Bobbie goods (meninas) e avi\u00e3o (meninos); oficina de massinha.<\/p>\n\n\n\n<p><strong>Hor\u00e1rio: <\/strong>14h30<\/p>\n\n\n\n<p><strong>P\u00fablico alvo:<\/strong>&nbsp; Somente para os educandos<\/p>\n\n\n\n<p>&#8212;&#8212;&#8212;&#8212;&#8212;&#8212;&#8212;&#8212;&#8212;&#8212;&#8212;&#8212;&#8212;&#8212;&#8212;&#8212;&#8212;&#8212;&#8212;&#8212;&#8212;&#8212;&#8212;&#8212;&#8212;&#8212;&#8212;&#8212;&#8212;&#8212;&#8212;&#8212;&#8212;&#8212;&#8212;&#8212;&#8212;&#8212;&#8212;&#8212;&#8212;&#8212;<\/p>\n\n\n\n<p><strong>Local da Atividade: <\/strong>EPG FRANCISCO ANTUNES FILHO<\/p>\n\n\n\n<p><strong>Data da Atividade:<\/strong> 30\/05\/2025<\/p>\n\n\n\n<p><strong>Descri\u00e7\u00e3o:<\/strong> Como parte das atividades da Semana Mundial do Brincar, ser\u00e1 realizada uma atividade dedicada exclusivamente \u00e0s brincadeiras de roda, com o objetivo de promover a intera\u00e7\u00e3o entre alunos de diferentes idades, fortalecer v\u00ednculos, estimular a oralidade, o ritmo e valorizar o brincar coletivo. A a\u00e7\u00e3o acontecer\u00e1 no p\u00e1tio da escola, com a participa\u00e7\u00e3o de todas as turmas organizadas em roda que misturam crian\u00e7as de diferentes faixas et\u00e1rias. Durante a atividade, os educandos participar\u00e3o de tr\u00eas brincadeiras tradicionais: Escravos de J\u00f3, Adoleta, Se eu fosse um peixinho. Funcion\u00e1rios da escola atuar\u00e3o como facilitadores das rodas, apoiando a organiza\u00e7\u00e3o das brincadeiras e incentivando a participa\u00e7\u00e3o. As fam\u00edlias ser\u00e3o convidadas a brincar junto com os alunos, proporcionando um momento de conviv\u00eancia intergeracional, afeto e alegria. Ao final, todos se reunir\u00e3o em uma grande roda para repetir a brincadeira preferida dos alunos, encerrando a atividade com integra\u00e7\u00e3o e encantamento.<\/p>\n\n\n\n<p><strong>Hor\u00e1rio: <\/strong>11h e 17h<\/p>\n\n\n\n<p><strong>P\u00fablico alvo:<\/strong>&nbsp; Restrita aos educandos e fam\u00edlias dos educandos da unidade escolar<\/p>\n\n\n\n<p>&#8212;&#8212;&#8212;&#8212;&#8212;&#8212;&#8212;&#8212;&#8212;&#8212;&#8212;&#8212;&#8212;&#8212;&#8212;&#8212;&#8212;&#8212;&#8212;&#8212;&#8212;&#8212;&#8212;&#8212;&#8212;&#8212;&#8212;&#8212;&#8212;&#8212;&#8212;&#8212;&#8212;&#8212;&#8212;&#8212;&#8212;&#8212;&#8212;&#8212;&#8212;&#8212;<\/p>\n\n\n\n<p><strong>Local da Atividade: <\/strong>EPG WALTER EFIG\u00caNIO<\/p>\n\n\n\n<p><strong>Data da Atividade:<\/strong> 30\/05\/2025<\/p>\n\n\n\n<p><strong>Descri\u00e7\u00e3o:<\/strong> Oficinas de Brincadeiras Tradicionais: Ser\u00e1 Organizado oficinas onde os alunos possam aprender e praticar brincadeiras tradicionais, como amarelinha, esconde-esconde, pega-pega, e brincadeiras com corda.<\/p>\n\n\n\n<p><strong>Hor\u00e1rio: <\/strong>Durante o per\u00edodo de aula<\/p>\n\n\n\n<p><strong>P\u00fablico alvo:<\/strong>&nbsp; Somente para os educandos<\/p>\n\n\n\n<p>&#8212;&#8212;&#8212;&#8212;&#8212;&#8212;&#8212;&#8212;&#8212;&#8212;&#8212;&#8212;&#8212;&#8212;&#8212;&#8212;&#8212;&#8212;&#8212;&#8212;&#8212;&#8212;&#8212;&#8212;&#8212;&#8212;&#8212;&#8212;&#8212;&#8212;&#8212;&#8212;&#8212;&#8212;&#8212;&#8212;&#8212;&#8212;&#8212;&#8212;&#8212;&#8212;<\/p>\n\n\n\n<p><strong>Local da Atividade: <\/strong>EPG JOCYMARA DE FALCHI JORGE<\/p>\n\n\n\n<p><strong>Data da Atividade:<\/strong> 30\/05\/2025<\/p>\n\n\n\n<p><strong>Descri\u00e7\u00e3o:<\/strong> Criando mem\u00f3rias: construindo brinquedos com materiais recicl\u00e1veis com a fam\u00edlia para compartilhar com os colegas na unidade escolar. Contar a viv\u00eancia da constru\u00e7\u00e3o do brinquedo e brincar com a turma realizando as trocas dos brinquedos..<\/p>\n\n\n\n<p><strong>Hor\u00e1rio: <\/strong>8h \u00e0s 9h e das 14h \u00e0s 15h<\/p>\n\n\n\n<p><strong>P\u00fablico alvo:<\/strong>&nbsp; Somente para os educandos<\/p>\n\n\n\n<p>&#8212;&#8212;&#8212;&#8212;&#8212;&#8212;&#8212;&#8212;&#8212;&#8212;&#8212;&#8212;&#8212;&#8212;&#8212;&#8212;&#8212;&#8212;&#8212;&#8212;&#8212;&#8212;&#8212;&#8212;&#8212;&#8212;&#8212;&#8212;&#8212;&#8212;&#8212;&#8212;&#8212;&#8212;&#8212;&#8212;&#8212;&#8212;&#8212;&#8212;&#8212;&#8212;<\/p>\n\n\n\n<p><strong>Local da Atividade: <\/strong>EPG D&#8217;ALMEIDA BARBOSA<\/p>\n\n\n\n<p><strong>Data da Atividade:<\/strong> 30\/05\/2025<\/p>\n\n\n\n<p><strong>Descri\u00e7\u00e3o:<\/strong> Neste dia os familiares de cada sala ser\u00e3o convidados a brincar com seus filhos. O professor ir\u00e1 alternando os alunos para que expliquem as regras das brincadeiras. Ser\u00e3o brincadeiras tradicionais dos tempos antigos.&nbsp; Cada sala far\u00e1 uma brincadeira e acontecer\u00e3o em hor\u00e1rios diferentes.<\/p>\n\n\n\n<p><strong>Hor\u00e1rio: <\/strong>A atividade se iniciar\u00e1 \u00e0s 9h e terminar\u00e1 \u00e0s 11h30min<\/p>\n\n\n\n<p><strong>P\u00fablico alvo:<\/strong>&nbsp; Restrita aos educandos e fam\u00edlias dos educandos da unidade escolar<\/p>\n\n\n\n<p>&#8212;&#8212;&#8212;&#8212;&#8212;&#8212;&#8212;&#8212;&#8212;&#8212;&#8212;&#8212;&#8212;&#8212;&#8212;&#8212;&#8212;&#8212;&#8212;&#8212;&#8212;&#8212;&#8212;&#8212;&#8212;&#8212;&#8212;&#8212;&#8212;&#8212;&#8212;&#8212;&#8212;&#8212;&#8212;&#8212;&#8212;&#8212;&#8212;&#8212;&#8212;&#8212;<\/p>\n\n\n\n<p><strong>Local da Atividade: <\/strong>EPG DARCY RIBEIRO<\/p>\n\n\n\n<p><strong>Data da Atividade:<\/strong> 30\/05\/2025<\/p>\n\n\n\n<p><strong>Descri\u00e7\u00e3o:<\/strong> A professora, far\u00e1 o levantamento das brincadeiras preferidas da inf\u00e2ncia. De acordo com os dados levantados propor a realiza\u00e7\u00e3o das brincadeiras com a turma.<\/p>\n\n\n\n<p><strong>Hor\u00e1rio: <\/strong>20h<\/p>\n\n\n\n<p><strong>P\u00fablico alvo:<\/strong>&nbsp; Somente para os educandos<\/p>\n\n\n\n<p>&#8212;&#8212;&#8212;&#8212;&#8212;&#8212;&#8212;&#8212;&#8212;&#8212;&#8212;&#8212;&#8212;&#8212;&#8212;&#8212;&#8212;&#8212;&#8212;&#8212;&#8212;&#8212;&#8212;&#8212;&#8212;&#8212;&#8212;&#8212;&#8212;&#8212;&#8212;&#8212;&#8212;&#8212;&#8212;&#8212;&#8212;&#8212;&#8212;&#8212;&#8212;&#8212;<\/p>\n\n\n\n<p><strong>Local da Atividade: <\/strong>EPG GIANFRANCESCO GUARNIERI<\/p>\n\n\n\n<p><strong>Data da Atividade:<\/strong> 30\/05\/2025<\/p>\n\n\n\n<p><strong>Descri\u00e7\u00e3o:<\/strong> Constru\u00e7\u00e3o&nbsp; do gira gira<\/p>\n\n\n\n<p><strong>Hor\u00e1rio: <\/strong>10h30 min \u00e1 11h 30 mi n<\/p>\n\n\n\n<p><strong>P\u00fablico alvo:<\/strong>&nbsp; Somente para os educandos<\/p>\n\n\n\n<p>&#8212;&#8212;&#8212;&#8212;&#8212;&#8212;&#8212;&#8212;&#8212;&#8212;&#8212;&#8212;&#8212;&#8212;&#8212;&#8212;&#8212;&#8212;&#8212;&#8212;&#8212;&#8212;&#8212;&#8212;&#8212;&#8212;&#8212;&#8212;&#8212;&#8212;&#8212;&#8212;&#8212;&#8212;&#8212;&#8212;&#8212;&#8212;&#8212;&#8212;&#8212;&#8212;<\/p>\n\n\n\n<p><strong>Local da Atividade: <\/strong>EPG YUJIE HIRATA<\/p>\n\n\n\n<p><strong>Data da Atividade:<\/strong> 30\/05\/2025<\/p>\n\n\n\n<p><strong>Descri\u00e7\u00e3o:<\/strong> No dia 30\/05 realizaremos oficinas com as fam\u00edlia, a fim de proporcionar momentos de intera\u00e7\u00e3o e divers\u00e3o entre familiares e os educandos.&nbsp; Oficinas: modelando hist\u00f3rias com massinha de modelar, oficina de pintura de bandeirinhas, confec\u00e7\u00e3o do saindo que pula, circuito de brincadeiras, confec\u00e7\u00e3o de jogo americano, oficina com garrafas pet, confec\u00e7\u00e3o de toalhinha com tinta de tecido, reeleitura e pintura das fotos das fam\u00edlias. Preparamos um dia especial para as fam\u00edlias na semana do Brincar, com o intuito de compreenderem melhor a rotina da escola e a import\u00e2ncia do Brincar na primeira inf\u00e2ncia.<\/p>\n\n\n\n<p><strong>Hor\u00e1rio: <\/strong>Das 7h \u00e1s 15:30<\/p>\n\n\n\n<p><strong>P\u00fablico alvo:<\/strong>&nbsp; Aberta ao p\u00fablico<\/p>\n\n\n\n<p>&#8212;&#8212;&#8212;&#8212;&#8212;&#8212;&#8212;&#8212;&#8212;&#8212;&#8212;&#8212;&#8212;&#8212;&#8212;&#8212;&#8212;&#8212;&#8212;&#8212;&#8212;&#8212;&#8212;&#8212;&#8212;&#8212;&#8212;&#8212;&#8212;&#8212;&#8212;&#8212;&#8212;&#8212;&#8212;&#8212;&#8212;&#8212;&#8212;&#8212;&#8212;&#8212;<\/p>\n\n\n\n<p><strong>Local da Atividade: <\/strong>EPG GIANFRANCESCO GUARNIERI<\/p>\n\n\n\n<p><strong>Data da Atividade:<\/strong> 30\/05\/2025<\/p>\n\n\n\n<p><strong>Descri\u00e7\u00e3o:<\/strong> 30\/05\/2025:- Sexta-feira: (Sala de aula) 1)&nbsp;&nbsp;&nbsp;&nbsp;&nbsp;&nbsp;&nbsp; Acolhimento: Ch\u00e1 com as fam\u00edlias 2)&nbsp;&nbsp;&nbsp;&nbsp;&nbsp; Oficina com as fam\u00edlias: Brincando junto &#8211; confec\u00e7\u00e3o de pi\u00e3o: materiais necess\u00e1rios- palitos de churrasco, EVA e dupla face; cama de gato: materiais &#8211; barbante (sala de aula);<\/p>\n\n\n\n<p><strong>Hor\u00e1rio: <\/strong>07:00 as 09:00 horas<\/p>\n\n\n\n<p><strong>P\u00fablico alvo:<\/strong>&nbsp; Restrita aos educandos e fam\u00edlias dos educandos da unidade escolar<\/p>\n\n\n\n<p>&#8212;&#8212;&#8212;&#8212;&#8212;&#8212;&#8212;&#8212;&#8212;&#8212;&#8212;&#8212;&#8212;&#8212;&#8212;&#8212;&#8212;&#8212;&#8212;&#8212;&#8212;&#8212;&#8212;&#8212;&#8212;&#8212;&#8212;&#8212;&#8212;&#8212;&#8212;&#8212;&#8212;&#8212;&#8212;&#8212;&#8212;&#8212;&#8212;&#8212;&#8212;&#8212;<\/p>\n\n\n\n<p><strong>Local da Atividade: <\/strong>EPG GIANFRANCESCO GUARNIERI<\/p>\n\n\n\n<p><strong>Data da Atividade:<\/strong> 30\/05\/2025<\/p>\n\n\n\n<p><strong>Descri\u00e7\u00e3o:<\/strong> Jogo das Cinco Marias<\/p>\n\n\n\n<p><strong>Hor\u00e1rio: <\/strong>13:30h as 15:30h<\/p>\n\n\n\n<p><strong>P\u00fablico alvo:<\/strong>&nbsp; Somente para os educandos<\/p>\n\n\n\n<p>&#8212;&#8212;&#8212;&#8212;&#8212;&#8212;&#8212;&#8212;&#8212;&#8212;&#8212;&#8212;&#8212;&#8212;&#8212;&#8212;&#8212;&#8212;&#8212;&#8212;&#8212;&#8212;&#8212;&#8212;&#8212;&#8212;&#8212;&#8212;&#8212;&#8212;&#8212;&#8212;&#8212;&#8212;&#8212;&#8212;&#8212;&#8212;&#8212;&#8212;&#8212;&#8212;<\/p>\n\n\n\n<p><strong>Local da Atividade: <\/strong>EPG GIANFRANCESCO GUARNIERI<\/p>\n\n\n\n<p><strong>Data da Atividade:<\/strong> 30\/05\/2025<\/p>\n\n\n\n<p><strong>Descri\u00e7\u00e3o:<\/strong> Jogo das cinco Marias<\/p>\n\n\n\n<p><strong>Hor\u00e1rio: <\/strong>13:30 as 15:30<\/p>\n\n\n\n<p><strong>P\u00fablico alvo:<\/strong>&nbsp; Somente para os educandos<\/p>\n\n\n\n<p>&#8212;&#8212;&#8212;&#8212;&#8212;&#8212;&#8212;&#8212;&#8212;&#8212;&#8212;&#8212;&#8212;&#8212;&#8212;&#8212;&#8212;&#8212;&#8212;&#8212;&#8212;&#8212;&#8212;&#8212;&#8212;&#8212;&#8212;&#8212;&#8212;&#8212;&#8212;&#8212;&#8212;&#8212;&#8212;&#8212;&#8212;&#8212;&#8212;&#8212;&#8212;&#8212;<\/p>\n\n\n\n<p><strong>Local da Atividade: <\/strong>EPG GIANFRANCESCO GUARNIERI<\/p>\n\n\n\n<p><strong>Data da Atividade:<\/strong> 30\/05\/2025<\/p>\n\n\n\n<p><strong>Descri\u00e7\u00e3o:<\/strong> JOGO DAS 5 MARIAS<\/p>\n\n\n\n<p><strong>Hor\u00e1rio: <\/strong>Das 13:30 \u00e0s 15:30<\/p>\n\n\n\n<p><strong>P\u00fablico alvo:<\/strong>&nbsp; Somente para os educandos<\/p>\n\n\n\n<p>&#8212;&#8212;&#8212;&#8212;&#8212;&#8212;&#8212;&#8212;&#8212;&#8212;&#8212;&#8212;&#8212;&#8212;&#8212;&#8212;&#8212;&#8212;&#8212;&#8212;&#8212;&#8212;&#8212;&#8212;&#8212;&#8212;&#8212;&#8212;&#8212;&#8212;&#8212;&#8212;&#8212;&#8212;&#8212;&#8212;&#8212;&#8212;&#8212;&#8212;&#8212;&#8212;<\/p>\n\n\n\n<p><strong>Local da Atividade: <\/strong>EPG GIANFRANCESCO GUARNIERI<\/p>\n\n\n\n<p><strong>Data da Atividade:<\/strong> 30\/05\/2025<\/p>\n\n\n\n<p><strong>Descri\u00e7\u00e3o:<\/strong> Brincadeira ind\u00edgena &#8211; corrida do lim\u00e3o<\/p>\n\n\n\n<p><strong>Hor\u00e1rio: <\/strong>7:30 \u00e0s 8:30<\/p>\n\n\n\n<p><strong>P\u00fablico alvo:<\/strong>&nbsp; Somente para os educandos<\/p>\n\n\n\n<p>&#8212;&#8212;&#8212;&#8212;&#8212;&#8212;&#8212;&#8212;&#8212;&#8212;&#8212;&#8212;&#8212;&#8212;&#8212;&#8212;&#8212;&#8212;&#8212;&#8212;&#8212;&#8212;&#8212;&#8212;&#8212;&#8212;&#8212;&#8212;&#8212;&#8212;&#8212;&#8212;&#8212;&#8212;&#8212;&#8212;&#8212;&#8212;&#8212;&#8212;&#8212;&#8212;<\/p>\n\n\n\n<p><strong>Local da Atividade: <\/strong>EPG GIANFRANCESCO GUARNIERI<\/p>\n\n\n\n<p><strong>Data da Atividade:<\/strong> 30\/05\/2025<\/p>\n\n\n\n<p><strong>Descri\u00e7\u00e3o:<\/strong> Confec\u00e7\u00e3o e brincadeira com slime<\/p>\n\n\n\n<p><strong>Hor\u00e1rio: <\/strong>8:20h as 9:30<\/p>\n\n\n\n<p><strong>P\u00fablico alvo:<\/strong>&nbsp; Somente para os educandos<\/p>\n\n\n\n<p>&#8212;&#8212;&#8212;&#8212;&#8212;&#8212;&#8212;&#8212;&#8212;&#8212;&#8212;&#8212;&#8212;&#8212;&#8212;&#8212;&#8212;&#8212;&#8212;&#8212;&#8212;&#8212;&#8212;&#8212;&#8212;&#8212;&#8212;&#8212;&#8212;&#8212;&#8212;&#8212;&#8212;&#8212;&#8212;&#8212;&#8212;&#8212;&#8212;&#8212;&#8212;&#8212;<\/p>\n\n\n\n<p><strong>Local da Atividade: <\/strong>EPG CHICO MENDES<\/p>\n\n\n\n<p><strong>Data da Atividade:<\/strong> 30\/05\/2025<\/p>\n\n\n\n<p><strong>Descri\u00e7\u00e3o:<\/strong> Jogos de tabuleiro.<\/p>\n\n\n\n<p><strong>Hor\u00e1rio: <\/strong>8h00 \u00e0s 9h30<\/p>\n\n\n\n<p><strong>P\u00fablico alvo:<\/strong>&nbsp; Somente para os educandos<\/p>\n\n\n\n<p>&#8212;&#8212;&#8212;&#8212;&#8212;&#8212;&#8212;&#8212;&#8212;&#8212;&#8212;&#8212;&#8212;&#8212;&#8212;&#8212;&#8212;&#8212;&#8212;&#8212;&#8212;&#8212;&#8212;&#8212;&#8212;&#8212;&#8212;&#8212;&#8212;&#8212;&#8212;&#8212;&#8212;&#8212;&#8212;&#8212;&#8212;&#8212;&#8212;&#8212;&#8212;&#8212;<\/p>\n\n\n\n<p><strong>Local da Atividade: <\/strong>EPG GIANFRANCESCO GUARNIERI<\/p>\n\n\n\n<p><strong>Data da Atividade:<\/strong> 30\/05\/2025<\/p>\n\n\n\n<p><strong>Descri\u00e7\u00e3o:<\/strong> confec\u00e7\u00e3o de gira &#8211; gira<\/p>\n\n\n\n<p><strong>Hor\u00e1rio: <\/strong>10:30<\/p>\n\n\n\n<p><strong>P\u00fablico alvo:<\/strong>&nbsp; Somente para os educandos<\/p>\n\n\n\n<p>&#8212;&#8212;&#8212;&#8212;&#8212;&#8212;&#8212;&#8212;&#8212;&#8212;&#8212;&#8212;&#8212;&#8212;&#8212;&#8212;&#8212;&#8212;&#8212;&#8212;&#8212;&#8212;&#8212;&#8212;&#8212;&#8212;&#8212;&#8212;&#8212;&#8212;&#8212;&#8212;&#8212;&#8212;&#8212;&#8212;&#8212;&#8212;&#8212;&#8212;&#8212;&#8212;<\/p>\n\n\n\n<p><strong>Local da Atividade: <\/strong>EPG D&#8217;ALMEIDA BARBOSA<\/p>\n\n\n\n<p><strong>Data da Atividade:<\/strong> 30\/05\/2025<\/p>\n\n\n\n<p><strong>Descri\u00e7\u00e3o:<\/strong> Cabo de Guerra atividade f\u00edsica e l\u00fadica coletiva<\/p>\n\n\n\n<p><strong>Hor\u00e1rio: <\/strong>21:00 at\u00e9 22:00<\/p>\n\n\n\n<p><strong>P\u00fablico alvo:<\/strong>&nbsp; Somente para os educandos<\/p>\n\n\n\n<p>&#8212;&#8212;&#8212;&#8212;&#8212;&#8212;&#8212;&#8212;&#8212;&#8212;&#8212;&#8212;&#8212;&#8212;&#8212;&#8212;&#8212;&#8212;&#8212;&#8212;&#8212;&#8212;&#8212;&#8212;&#8212;&#8212;&#8212;&#8212;&#8212;&#8212;&#8212;&#8212;&#8212;&#8212;&#8212;&#8212;&#8212;&#8212;&#8212;&#8212;&#8212;&#8212;<\/p>\n\n\n\n<p><strong>Local da Atividade: <\/strong>EPG DARCY RIBEIRO<\/p>\n\n\n\n<p><strong>Data da Atividade:<\/strong> 30\/05\/2025<\/p>\n\n\n\n<p><strong>Descri\u00e7\u00e3o:<\/strong> Competi\u00e7\u00f5es entre as turmas do Ciclo I e II \/ EJA<\/p>\n\n\n\n<p><strong>Hor\u00e1rio: <\/strong>20h<\/p>\n\n\n\n<p><strong>P\u00fablico alvo:<\/strong>&nbsp; Somente para os educandos<\/p>\n\n\n\n<p>&#8212;&#8212;&#8212;&#8212;&#8212;&#8212;&#8212;&#8212;&#8212;&#8212;&#8212;&#8212;&#8212;&#8212;&#8212;&#8212;&#8212;&#8212;&#8212;&#8212;&#8212;&#8212;&#8212;&#8212;&#8212;&#8212;&#8212;&#8212;&#8212;&#8212;&#8212;&#8212;&#8212;&#8212;&#8212;&#8212;&#8212;&#8212;&#8212;&#8212;&#8212;&#8212;<\/p>\n\n\n\n<p><strong>Local da Atividade: <\/strong>EPG PIMENTAS<\/p>\n\n\n\n<p><strong>Data da Atividade:<\/strong> 30\/05\/2025<\/p>\n\n\n\n<p><strong>Descri\u00e7\u00e3o:<\/strong> Festa musical no CEU: reunir todas as crian\u00e7as da escola a fim de desenvolver uma intera\u00e7\u00e3o entre todos, com roupas de fantasias e muita m\u00fasica.<\/p>\n\n\n\n<p><strong>Hor\u00e1rio: <\/strong>15h<\/p>\n\n\n\n<p><strong>P\u00fablico alvo:<\/strong>&nbsp; Para educadores\/educadoras<\/p>\n\n\n\n<p>&#8212;&#8212;&#8212;&#8212;&#8212;&#8212;&#8212;&#8212;&#8212;&#8212;&#8212;&#8212;&#8212;&#8212;&#8212;&#8212;&#8212;&#8212;&#8212;&#8212;&#8212;&#8212;&#8212;&#8212;&#8212;&#8212;&#8212;&#8212;&#8212;&#8212;&#8212;&#8212;&#8212;&#8212;&#8212;&#8212;&#8212;&#8212;&#8212;&#8212;&#8212;&#8212;<\/p>\n\n\n\n<p><strong>Local da Atividade: <\/strong>EPG HAMILTON F\u00c9LIX DE SOUZA<\/p>\n\n\n\n<p><strong>Data da Atividade:<\/strong> 30\/05\/2025<\/p>\n\n\n\n<p><strong>Descri\u00e7\u00e3o:<\/strong> Resgate de brincadeiras antigas<\/p>\n\n\n\n<p><strong>Hor\u00e1rio: <\/strong>8:30 e 14:00<\/p>\n\n\n\n<p><strong>P\u00fablico alvo:<\/strong>&nbsp; Somente para os educandos<\/p>\n\n\n\n<p>&#8212;&#8212;&#8212;&#8212;&#8212;&#8212;&#8212;&#8212;&#8212;&#8212;&#8212;&#8212;&#8212;&#8212;&#8212;&#8212;&#8212;&#8212;&#8212;&#8212;&#8212;&#8212;&#8212;&#8212;&#8212;&#8212;&#8212;&#8212;&#8212;&#8212;&#8212;&#8212;&#8212;&#8212;&#8212;&#8212;&#8212;&#8212;&#8212;&#8212;&#8212;&#8212;<\/p>\n\n\n\n<p><strong>Local da Atividade: <\/strong>EPG DARCY RIBEIRO<\/p>\n\n\n\n<p><strong>Data da Atividade:<\/strong> 30\/05\/2025<\/p>\n\n\n\n<p><strong>Descri\u00e7\u00e3o:<\/strong> A professora preparou uma semana com diferentes tipos de atividades tais como: Jogos com as palavras Soletrando, Jogos l\u00fadicos variados, Plataforma Elefante Letrado, Jogos de Stop, Confec\u00e7\u00e3o de Tangram, Amarelinha, Pular corda, Dia do brinquedo.<\/p>\n\n\n\n<p><strong>Hor\u00e1rio: <\/strong>14h<\/p>\n\n\n\n<p><strong>P\u00fablico alvo:<\/strong>&nbsp; Somente para os educandos<\/p>\n\n\n\n<p>&#8212;&#8212;&#8212;&#8212;&#8212;&#8212;&#8212;&#8212;&#8212;&#8212;&#8212;&#8212;&#8212;&#8212;&#8212;&#8212;&#8212;&#8212;&#8212;&#8212;&#8212;&#8212;&#8212;&#8212;&#8212;&#8212;&#8212;&#8212;&#8212;&#8212;&#8212;&#8212;&#8212;&#8212;&#8212;&#8212;&#8212;&#8212;&#8212;&#8212;&#8212;&#8212;<\/p>\n\n\n\n<p><strong>Local da Atividade: <\/strong>EPG HAMILTON F\u00c9LIX DE SOUZA<\/p>\n\n\n\n<p><strong>Data da Atividade:<\/strong> 30\/05\/2025<\/p>\n\n\n\n<p><strong>Descri\u00e7\u00e3o:<\/strong> brincadeiasdas formas e cores\/tampinha<\/p>\n\n\n\n<p><strong>Hor\u00e1rio: <\/strong>19:30 min<\/p>\n\n\n\n<p><strong>P\u00fablico alvo:<\/strong>&nbsp; Somente para os educandos<\/p>\n\n\n\n<p>&#8212;&#8212;&#8212;&#8212;&#8212;&#8212;&#8212;&#8212;&#8212;&#8212;&#8212;&#8212;&#8212;&#8212;&#8212;&#8212;&#8212;&#8212;&#8212;&#8212;&#8212;&#8212;&#8212;&#8212;&#8212;&#8212;&#8212;&#8212;&#8212;&#8212;&#8212;&#8212;&#8212;&#8212;&#8212;&#8212;&#8212;&#8212;&#8212;&#8212;&#8212;&#8212;<\/p>\n\n\n\n<p><strong>Local da Atividade: <\/strong>EPG DARCY RIBEIRO<\/p>\n\n\n\n<p><strong>Data da Atividade:<\/strong> 30\/05\/2025<\/p>\n\n\n\n<p><strong>Descri\u00e7\u00e3o:<\/strong> A professora programou diferentes atividades para a Semana do brincar: Tr\u00eas Marias, Pular corda, Amarelinha Africana, Lencinho branco, Dan\u00e7as, Amarelinha tradicional, Jo\u00e3o Sapateiro, Tindolel\u00ea, Jogos Educativos e Bolinha de sab\u00e3o<\/p>\n\n\n\n<p><strong>Hor\u00e1rio: <\/strong>8h<\/p>\n\n\n\n<p><strong>P\u00fablico alvo:<\/strong>&nbsp; Somente para os educandos<\/p>\n\n\n\n<p>&#8212;&#8212;&#8212;&#8212;&#8212;&#8212;&#8212;&#8212;&#8212;&#8212;&#8212;&#8212;&#8212;&#8212;&#8212;&#8212;&#8212;&#8212;&#8212;&#8212;&#8212;&#8212;&#8212;&#8212;&#8212;&#8212;&#8212;&#8212;&#8212;&#8212;&#8212;&#8212;&#8212;&#8212;&#8212;&#8212;&#8212;&#8212;&#8212;&#8212;&#8212;&#8212;<\/p>\n\n\n\n<p><strong>Local da Atividade: <\/strong>EPG DARCY RIBEIRO<\/p>\n\n\n\n<p><strong>Data da Atividade:<\/strong> 30\/05\/2025<\/p>\n\n\n\n<p><strong>Descri\u00e7\u00e3o:<\/strong> A professora preparou uma atividade para cada dia da Semana do Brincar: Ciranda cirandinha, Tindolel\u00ea, A canoa virou, Brincadeiras de roda, Pular corda em dupla e individual, Suco gelado, Cebola cebolinha, Amarelinha, Mimica, Brincadeiras de faz de conta, Casinha, Mercado, Escolinha, Feira de brincadeiras ensinadas pelos pais e av\u00f3s.<\/p>\n\n\n\n<p><strong>Hor\u00e1rio: <\/strong>10h<\/p>\n\n\n\n<p><strong>P\u00fablico alvo:<\/strong>&nbsp; Somente para os educandos<\/p>\n\n\n\n<p>&#8212;&#8212;&#8212;&#8212;&#8212;&#8212;&#8212;&#8212;&#8212;&#8212;&#8212;&#8212;&#8212;&#8212;&#8212;&#8212;&#8212;&#8212;&#8212;&#8212;&#8212;&#8212;&#8212;&#8212;&#8212;&#8212;&#8212;&#8212;&#8212;&#8212;&#8212;&#8212;&#8212;&#8212;&#8212;&#8212;&#8212;&#8212;&#8212;&#8212;&#8212;&#8212;<\/p>\n\n\n\n<p><strong>Local da Atividade: <\/strong>EPG ALFREDO VOLPI<\/p>\n\n\n\n<p><strong>Data da Atividade:<\/strong> 30\/05\/2025<\/p>\n\n\n\n<p><strong>Descri\u00e7\u00e3o:<\/strong> Indo de encontro ao Projeto Anual da escola, propusemos uma brincadeira de origem ind\u00edgena, &#8220;Peteca&#8221;, indo de encontro com o Brincar como Direito a Diversidade Cultural, mostrando que todas as inf\u00e2ncias se encontram no brincar.s brincam<\/p>\n\n\n\n<p><strong>Hor\u00e1rio: <\/strong>Entre 8h e 10h<\/p>\n\n\n\n<p><strong>P\u00fablico alvo:<\/strong>&nbsp; Somente para os educandos<\/p>\n\n\n\n<p>&#8212;&#8212;&#8212;&#8212;&#8212;&#8212;&#8212;&#8212;&#8212;&#8212;&#8212;&#8212;&#8212;&#8212;&#8212;&#8212;&#8212;&#8212;&#8212;&#8212;&#8212;&#8212;&#8212;&#8212;&#8212;&#8212;&#8212;&#8212;&#8212;&#8212;&#8212;&#8212;&#8212;&#8212;&#8212;&#8212;&#8212;&#8212;&#8212;&#8212;&#8212;&#8212;<\/p>\n\n\n\n<p><strong>Local da Atividade: <\/strong>EPG GIANFRANCESCO GUARNIERI<\/p>\n\n\n\n<p><strong>Data da Atividade:<\/strong> 30\/05\/2025<\/p>\n\n\n\n<p><strong>Descri\u00e7\u00e3o:<\/strong> Confec\u00e7\u00e3o e brincadeira com peteca.<\/p>\n\n\n\n<p><strong>Hor\u00e1rio: <\/strong>16h30min as 17h.<\/p>\n\n\n\n<p><strong>P\u00fablico alvo:<\/strong>&nbsp; Somente para os educandos<\/p>\n\n\n\n<p>&#8212;&#8212;&#8212;&#8212;&#8212;&#8212;&#8212;&#8212;&#8212;&#8212;&#8212;&#8212;&#8212;&#8212;&#8212;&#8212;&#8212;&#8212;&#8212;&#8212;&#8212;&#8212;&#8212;&#8212;&#8212;&#8212;&#8212;&#8212;&#8212;&#8212;&#8212;&#8212;&#8212;&#8212;&#8212;&#8212;&#8212;&#8212;&#8212;&#8212;&#8212;&#8212;<\/p>\n","protected":false},"excerpt":{"rendered":"<p>Local da Atividade: EPG RAUL CORTEZ Data da Atividade: 30\/05\/2025 Descri\u00e7\u00e3o: CIRCUITO PSICOMOTOR Hor\u00e1rio: 10h e 15h P\u00fablico alvo:&nbsp; Somente para os educandos &#8212;&#8212;&#8212;&#8212;&#8212;&#8212;&#8212;&#8212;&#8212;&#8212;&#8212;&#8212;&#8212;&#8212;&#8212;&#8212;&#8212;&#8212;&#8212;&#8212;&#8212;&#8212;&#8212;&#8212;&#8212;&#8212;&#8212;&#8212;&#8212;&#8212;&#8212;&#8212;&#8212;&#8212;&#8212;&#8212;&#8212;&#8212;&#8212;&#8212;&#8212;&#8212; Local da Atividade: EPG PER\u00c1CIO GRILLI, &hellip;<\/p>\n<p class=\"read-more\"> <a class=\"\" href=\"https:\/\/portaleducacao.guarulhos.sp.gov.br\/wp_site\/semanadobrincar2025\/2025\/05\/28\/dia-30-2\/\"> <span class=\"screen-reader-text\">Dia 30<\/span> Leia mais &raquo;<\/a><\/p>\n","protected":false},"author":32,"featured_media":580,"comment_status":"closed","ping_status":"open","sticky":false,"template":"","format":"standard","meta":{"_monsterinsights_skip_tracking":false,"_monsterinsights_sitenote_active":false,"_monsterinsights_sitenote_note":"","_monsterinsights_sitenote_category":0,"site-sidebar-layout":"default","site-content-layout":"default","ast-global-header-display":"","ast-main-header-display":"","ast-hfb-above-header-display":"","ast-hfb-below-header-display":"","ast-hfb-mobile-header-display":"","site-post-title":"","ast-breadcrumbs-content":"","ast-featured-img":"","footer-sml-layout":"","theme-transparent-header-meta":"","adv-header-id-meta":"","stick-header-meta":"","header-above-stick-meta":"","header-main-stick-meta":"","header-below-stick-meta":"","_expiration-date-status":"","_expiration-date":1749045725,"_expiration-date-type":"draft","_expiration-date-categories":[],"_expiration-date-options":[]},"categories":[11,25],"tags":[],"yoast_head":"<!-- This site is optimized with the Yoast SEO plugin v19.7.1 - https:\/\/yoast.com\/wordpress\/plugins\/seo\/ -->\r\n<title>Dia 30 - semana do brincar<\/title>\r\n<meta name=\"robots\" content=\"index, follow, max-snippet:-1, max-image-preview:large, max-video-preview:-1\" \/>\r\n<link rel=\"canonical\" href=\"https:\/\/portaleducacao.guarulhos.sp.gov.br\/wp_site\/semanadobrincar2025\/2025\/05\/28\/dia-30-2\/\" \/>\r\n<meta property=\"og:locale\" content=\"pt_BR\" \/>\r\n<meta property=\"og:type\" content=\"article\" \/>\r\n<meta property=\"og:title\" content=\"Dia 30 - semana do brincar\" \/>\r\n<meta property=\"og:description\" content=\"Local da Atividade: EPG RAUL CORTEZ Data da Atividade: 30\/05\/2025 Descri\u00e7\u00e3o: CIRCUITO PSICOMOTOR Hor\u00e1rio: 10h e 15h P\u00fablico alvo:&nbsp; Somente para os educandos &#8212;&#8212;&#8212;&#8212;&#8212;&#8212;&#8212;&#8212;&#8212;&#8212;&#8212;&#8212;&#8212;&#8212;&#8212;&#8212;&#8212;&#8212;&#8212;&#8212;&#8212;&#8212;&#8212;&#8212;&#8212;&#8212;&#8212;&#8212;&#8212;&#8212;&#8212;&#8212;&#8212;&#8212;&#8212;&#8212;&#8212;&#8212;&#8212;&#8212;&#8212;&#8212; Local da Atividade: EPG PER\u00c1CIO GRILLI, &hellip; Dia 30 Leia mais &raquo;\" \/>\r\n<meta property=\"og:url\" content=\"https:\/\/portaleducacao.guarulhos.sp.gov.br\/wp_site\/semanadobrincar2025\/2025\/05\/28\/dia-30-2\/\" \/>\r\n<meta property=\"og:site_name\" content=\"semana do brincar\" \/>\r\n<meta property=\"article:published_time\" content=\"2025-05-28T14:02:42+00:00\" \/>\r\n<meta property=\"article:modified_time\" content=\"2025-05-28T14:02:44+00:00\" \/>\r\n<meta property=\"og:image\" content=\"http:\/\/portaleducacao.guarulhos.sp.gov.br\/wp_site\/semanadobrincar2025\/wp-content\/uploads\/sites\/40\/2025\/05\/elementos-page_30.png\" \/>\r\n\t<meta property=\"og:image:width\" content=\"2154\" \/>\r\n\t<meta property=\"og:image:height\" content=\"2387\" \/>\r\n\t<meta property=\"og:image:type\" content=\"image\/png\" \/>\r\n<meta name=\"author\" content=\"talitasds\" \/>\r\n<meta name=\"twitter:card\" content=\"summary_large_image\" \/>\r\n<meta name=\"twitter:label1\" content=\"Escrito por\" \/>\n\t<meta name=\"twitter:data1\" content=\"talitasds\" \/>\n\t<meta name=\"twitter:label2\" content=\"Est. tempo de leitura\" \/>\n\t<meta name=\"twitter:data2\" content=\"11 minutos\" \/>\r\n<script type=\"application\/ld+json\" class=\"yoast-schema-graph\">{\"@context\":\"https:\/\/schema.org\",\"@graph\":[{\"@type\":\"WebPage\",\"@id\":\"https:\/\/portaleducacao.guarulhos.sp.gov.br\/wp_site\/semanadobrincar2025\/2025\/05\/28\/dia-30-2\/\",\"url\":\"https:\/\/portaleducacao.guarulhos.sp.gov.br\/wp_site\/semanadobrincar2025\/2025\/05\/28\/dia-30-2\/\",\"name\":\"Dia 30 - semana do brincar\",\"isPartOf\":{\"@id\":\"https:\/\/portaleducacao.guarulhos.sp.gov.br\/wp_site\/semanadobrincar2025\/#website\"},\"datePublished\":\"2025-05-28T14:02:42+00:00\",\"dateModified\":\"2025-05-28T14:02:44+00:00\",\"author\":{\"@id\":\"https:\/\/portaleducacao.guarulhos.sp.gov.br\/wp_site\/semanadobrincar2025\/#\/schema\/person\/1e6f253ac148bf2e1afbc55205e45b3c\"},\"breadcrumb\":{\"@id\":\"https:\/\/portaleducacao.guarulhos.sp.gov.br\/wp_site\/semanadobrincar2025\/2025\/05\/28\/dia-30-2\/#breadcrumb\"},\"inLanguage\":\"pt-BR\",\"potentialAction\":[{\"@type\":\"ReadAction\",\"target\":[\"https:\/\/portaleducacao.guarulhos.sp.gov.br\/wp_site\/semanadobrincar2025\/2025\/05\/28\/dia-30-2\/\"]}]},{\"@type\":\"BreadcrumbList\",\"@id\":\"https:\/\/portaleducacao.guarulhos.sp.gov.br\/wp_site\/semanadobrincar2025\/2025\/05\/28\/dia-30-2\/#breadcrumb\",\"itemListElement\":[{\"@type\":\"ListItem\",\"position\":1,\"name\":\"In\u00edcio\",\"item\":\"https:\/\/portaleducacao.guarulhos.sp.gov.br\/wp_site\/semanadobrincar2025\/\"},{\"@type\":\"ListItem\",\"position\":2,\"name\":\"Dia 30\"}]},{\"@type\":\"WebSite\",\"@id\":\"https:\/\/portaleducacao.guarulhos.sp.gov.br\/wp_site\/semanadobrincar2025\/#website\",\"url\":\"https:\/\/portaleducacao.guarulhos.sp.gov.br\/wp_site\/semanadobrincar2025\/\",\"name\":\"semana do brincar\",\"description\":\"S\u00f3 mais um site Portal SE Informe\",\"potentialAction\":[{\"@type\":\"SearchAction\",\"target\":{\"@type\":\"EntryPoint\",\"urlTemplate\":\"https:\/\/portaleducacao.guarulhos.sp.gov.br\/wp_site\/semanadobrincar2025\/?s={search_term_string}\"},\"query-input\":\"required name=search_term_string\"}],\"inLanguage\":\"pt-BR\"},{\"@type\":\"Person\",\"@id\":\"https:\/\/portaleducacao.guarulhos.sp.gov.br\/wp_site\/semanadobrincar2025\/#\/schema\/person\/1e6f253ac148bf2e1afbc55205e45b3c\",\"name\":\"talitasds\",\"image\":{\"@type\":\"ImageObject\",\"inLanguage\":\"pt-BR\",\"@id\":\"https:\/\/portaleducacao.guarulhos.sp.gov.br\/wp_site\/semanadobrincar2025\/#\/schema\/person\/image\/\",\"url\":\"https:\/\/secure.gravatar.com\/avatar\/b3afe9b1393d5877d6ff7604eff566dd?s=96&d=mm&r=g\",\"contentUrl\":\"https:\/\/secure.gravatar.com\/avatar\/b3afe9b1393d5877d6ff7604eff566dd?s=96&d=mm&r=g\",\"caption\":\"talitasds\"},\"url\":\"https:\/\/portaleducacao.guarulhos.sp.gov.br\/wp_site\/semanadobrincar2025\/author\/talitasds\/\"}]}<\/script>\r\n<!-- \/ Yoast SEO plugin. -->","yoast_head_json":{"title":"Dia 30 - semana do brincar","robots":{"index":"index","follow":"follow","max-snippet":"max-snippet:-1","max-image-preview":"max-image-preview:large","max-video-preview":"max-video-preview:-1"},"canonical":"https:\/\/portaleducacao.guarulhos.sp.gov.br\/wp_site\/semanadobrincar2025\/2025\/05\/28\/dia-30-2\/","og_locale":"pt_BR","og_type":"article","og_title":"Dia 30 - semana do brincar","og_description":"Local da Atividade: EPG RAUL CORTEZ Data da Atividade: 30\/05\/2025 Descri\u00e7\u00e3o: CIRCUITO PSICOMOTOR Hor\u00e1rio: 10h e 15h P\u00fablico alvo:&nbsp; Somente para os educandos &#8212;&#8212;&#8212;&#8212;&#8212;&#8212;&#8212;&#8212;&#8212;&#8212;&#8212;&#8212;&#8212;&#8212;&#8212;&#8212;&#8212;&#8212;&#8212;&#8212;&#8212;&#8212;&#8212;&#8212;&#8212;&#8212;&#8212;&#8212;&#8212;&#8212;&#8212;&#8212;&#8212;&#8212;&#8212;&#8212;&#8212;&#8212;&#8212;&#8212;&#8212;&#8212; Local da Atividade: EPG PER\u00c1CIO GRILLI, &hellip; Dia 30 Leia mais &raquo;","og_url":"https:\/\/portaleducacao.guarulhos.sp.gov.br\/wp_site\/semanadobrincar2025\/2025\/05\/28\/dia-30-2\/","og_site_name":"semana do brincar","article_published_time":"2025-05-28T14:02:42+00:00","article_modified_time":"2025-05-28T14:02:44+00:00","og_image":[{"width":2154,"height":2387,"url":"http:\/\/portaleducacao.guarulhos.sp.gov.br\/wp_site\/semanadobrincar2025\/wp-content\/uploads\/sites\/40\/2025\/05\/elementos-page_30.png","type":"image\/png"}],"author":"talitasds","twitter_card":"summary_large_image","twitter_misc":{"Escrito por":"talitasds","Est. tempo de leitura":"11 minutos"},"schema":{"@context":"https:\/\/schema.org","@graph":[{"@type":"WebPage","@id":"https:\/\/portaleducacao.guarulhos.sp.gov.br\/wp_site\/semanadobrincar2025\/2025\/05\/28\/dia-30-2\/","url":"https:\/\/portaleducacao.guarulhos.sp.gov.br\/wp_site\/semanadobrincar2025\/2025\/05\/28\/dia-30-2\/","name":"Dia 30 - semana do brincar","isPartOf":{"@id":"https:\/\/portaleducacao.guarulhos.sp.gov.br\/wp_site\/semanadobrincar2025\/#website"},"datePublished":"2025-05-28T14:02:42+00:00","dateModified":"2025-05-28T14:02:44+00:00","author":{"@id":"https:\/\/portaleducacao.guarulhos.sp.gov.br\/wp_site\/semanadobrincar2025\/#\/schema\/person\/1e6f253ac148bf2e1afbc55205e45b3c"},"breadcrumb":{"@id":"https:\/\/portaleducacao.guarulhos.sp.gov.br\/wp_site\/semanadobrincar2025\/2025\/05\/28\/dia-30-2\/#breadcrumb"},"inLanguage":"pt-BR","potentialAction":[{"@type":"ReadAction","target":["https:\/\/portaleducacao.guarulhos.sp.gov.br\/wp_site\/semanadobrincar2025\/2025\/05\/28\/dia-30-2\/"]}]},{"@type":"BreadcrumbList","@id":"https:\/\/portaleducacao.guarulhos.sp.gov.br\/wp_site\/semanadobrincar2025\/2025\/05\/28\/dia-30-2\/#breadcrumb","itemListElement":[{"@type":"ListItem","position":1,"name":"In\u00edcio","item":"https:\/\/portaleducacao.guarulhos.sp.gov.br\/wp_site\/semanadobrincar2025\/"},{"@type":"ListItem","position":2,"name":"Dia 30"}]},{"@type":"WebSite","@id":"https:\/\/portaleducacao.guarulhos.sp.gov.br\/wp_site\/semanadobrincar2025\/#website","url":"https:\/\/portaleducacao.guarulhos.sp.gov.br\/wp_site\/semanadobrincar2025\/","name":"semana do brincar","description":"S\u00f3 mais um site Portal SE Informe","potentialAction":[{"@type":"SearchAction","target":{"@type":"EntryPoint","urlTemplate":"https:\/\/portaleducacao.guarulhos.sp.gov.br\/wp_site\/semanadobrincar2025\/?s={search_term_string}"},"query-input":"required name=search_term_string"}],"inLanguage":"pt-BR"},{"@type":"Person","@id":"https:\/\/portaleducacao.guarulhos.sp.gov.br\/wp_site\/semanadobrincar2025\/#\/schema\/person\/1e6f253ac148bf2e1afbc55205e45b3c","name":"talitasds","image":{"@type":"ImageObject","inLanguage":"pt-BR","@id":"https:\/\/portaleducacao.guarulhos.sp.gov.br\/wp_site\/semanadobrincar2025\/#\/schema\/person\/image\/","url":"https:\/\/secure.gravatar.com\/avatar\/b3afe9b1393d5877d6ff7604eff566dd?s=96&d=mm&r=g","contentUrl":"https:\/\/secure.gravatar.com\/avatar\/b3afe9b1393d5877d6ff7604eff566dd?s=96&d=mm&r=g","caption":"talitasds"},"url":"https:\/\/portaleducacao.guarulhos.sp.gov.br\/wp_site\/semanadobrincar2025\/author\/talitasds\/"}]}},"_links":{"self":[{"href":"https:\/\/portaleducacao.guarulhos.sp.gov.br\/wp_site\/semanadobrincar2025\/wp-json\/wp\/v2\/posts\/809"}],"collection":[{"href":"https:\/\/portaleducacao.guarulhos.sp.gov.br\/wp_site\/semanadobrincar2025\/wp-json\/wp\/v2\/posts"}],"about":[{"href":"https:\/\/portaleducacao.guarulhos.sp.gov.br\/wp_site\/semanadobrincar2025\/wp-json\/wp\/v2\/types\/post"}],"author":[{"embeddable":true,"href":"https:\/\/portaleducacao.guarulhos.sp.gov.br\/wp_site\/semanadobrincar2025\/wp-json\/wp\/v2\/users\/32"}],"replies":[{"embeddable":true,"href":"https:\/\/portaleducacao.guarulhos.sp.gov.br\/wp_site\/semanadobrincar2025\/wp-json\/wp\/v2\/comments?post=809"}],"version-history":[{"count":1,"href":"https:\/\/portaleducacao.guarulhos.sp.gov.br\/wp_site\/semanadobrincar2025\/wp-json\/wp\/v2\/posts\/809\/revisions"}],"predecessor-version":[{"id":810,"href":"https:\/\/portaleducacao.guarulhos.sp.gov.br\/wp_site\/semanadobrincar2025\/wp-json\/wp\/v2\/posts\/809\/revisions\/810"}],"wp:featuredmedia":[{"embeddable":true,"href":"https:\/\/portaleducacao.guarulhos.sp.gov.br\/wp_site\/semanadobrincar2025\/wp-json\/wp\/v2\/media\/580"}],"wp:attachment":[{"href":"https:\/\/portaleducacao.guarulhos.sp.gov.br\/wp_site\/semanadobrincar2025\/wp-json\/wp\/v2\/media?parent=809"}],"wp:term":[{"taxonomy":"category","embeddable":true,"href":"https:\/\/portaleducacao.guarulhos.sp.gov.br\/wp_site\/semanadobrincar2025\/wp-json\/wp\/v2\/categories?post=809"},{"taxonomy":"post_tag","embeddable":true,"href":"https:\/\/portaleducacao.guarulhos.sp.gov.br\/wp_site\/semanadobrincar2025\/wp-json\/wp\/v2\/tags?post=809"}],"curies":[{"name":"wp","href":"https:\/\/api.w.org\/{rel}","templated":true}]}}